{"id":2810,"date":"2016-10-12T11:18:59","date_gmt":"2016-10-12T09:18:59","guid":{"rendered":"http:\/\/blog.liesdoch.de\/?p=2810"},"modified":"2016-10-12T11:18:59","modified_gmt":"2016-10-12T09:18:59","slug":"fremde-seele-dunkler-wald","status":"publish","type":"post","link":"https:\/\/blog.liesdoch.de\/?p=2810","title":{"rendered":"Fremde Seele, dunkler Wald"},"content":{"rendered":"<p>&nbsp;<\/p>\n<p>&nbsp;<\/p>\n<p><a href=\"http:\/\/blog.liesdoch.de\/wp-content\/uploads\/2016\/10\/44956383z.jpg\"><img loading=\"lazy\" decoding=\"async\" class=\"alignnone size-medium wp-image-2811\" src=\"http:\/\/blog.liesdoch.de\/wp-content\/uploads\/2016\/10\/44956383z-183x300.jpg\" alt=\"44956383z\" width=\"183\" height=\"300\" srcset=\"https:\/\/blog.liesdoch.de\/wp-content\/uploads\/2016\/10\/44956383z-183x300.jpg 183w, https:\/\/blog.liesdoch.de\/wp-content\/uploads\/2016\/10\/44956383z.jpg 290w\" sizes=\"auto, (max-width: 183px) 100vw, 183px\" \/><\/a><\/p>\n<p>Reinhard Kaiser-M\u00fchlecker, Fremde Seele, dunkler Wald, S. Fischer 2016, ISBN 978-3-10-002428-2<\/p>\n<p>&nbsp;<\/p>\n<p>Der \u00f6sterreichische Schriftsteller Reinhard Kaiser- M\u00fchlecker erz\u00e4hlt in seinem neuen Roman, der es bis auf die Shortlist des Deutschen Buchpreises geschafft hat, die Geschichte von zwei unterschiedlichen Br\u00fcdern und deren lange vergeblichen, schlussendlich aber doch Erfolg gekr\u00f6nten Versuche, die Vergangenheit hinter sich zu lassen und f\u00fcr sich selbst ein neues Leben zu beginnen.<\/p>\n<p>&nbsp;<\/p>\n<p>Obwohl die Handlung in der j\u00fcngsten Vergangenheit spielt, etwa 2013\/14, hat man beim Lesen nicht nur wegen der durchaus angenehmen und ansprechenden Sprache des Autors nicht selten das Gef\u00fchl, man befinde sich in einer Zeit in den achtziger Jahren des 20. Jahrhunderts.<\/p>\n<p>&nbsp;<\/p>\n<p>Alexander, der \u00e4ltere der beiden Br\u00fcder, die auf einem Bauernhof aufwachsen, verl\u00e4sst fr\u00fch sein Dorf, studiert zun\u00e4chst Medizin, geht aber bald zur Armee und verbringt viele Jahre auf Auslandseins\u00e4tzen der UNO. Selten nur kehrt er f\u00fcr k\u00fcrzere Aufenthalte nach Hause zur\u00fcck und bleibt dort fremd, f\u00fchlt sich nur im Wirtshaus einigerma\u00dfen wohl.<\/p>\n<p>&nbsp;<\/p>\n<p>Der j\u00fcngere Bruder Jakob ist all die Jahre der Abwesenheit seines Bruder zu Hause geblieben und f\u00fchrt die Landwirtschaft, an der der Vater schon lange kein Interesse mehr zeigt. Er tr\u00e4umt immer wieder von tollen Gesch\u00e4ftsideen, und muss doch immer wieder Land und dann auch Tiere verkaufen um seine Schulden zu begleichen. An diesen Stellen, wenn der Hof \u00fcber die Jahre immer kleiner wird, fragt sich der Leser dann doch zunehmend, wie das sein kann, dass sich davon noch eine dreik\u00f6pfige Familie ern\u00e4hren kann. Da hat der Autor ein wenig an der Realit\u00e4t vorbeigeschrieben. Denn die Gro\u00dfmutter, die nach dem Tod des Gro\u00dfvaters dessen in der Nazizeit wohl illegal erworbenes Eigentum geizig verwaltet, gibt keinen Cent her.<\/p>\n<p>&nbsp;<\/p>\n<p>Die Zeit vergeht, der Vater tr\u00e4umt weiter von seinen spinnerten Ideen und die beiden S\u00f6hne h\u00e4ngen zwischen Vergangenheit und Zukunft lange in der Luft. Es passiert nichts \u2013 scheinbar.<\/p>\n<p>&nbsp;<\/p>\n<p>Denn in dieser Zeit, in der der Roman in seiner Gegenwartsebene (es gibt auch R\u00fcckblicke) spielt, ereignet sich das Drama der Existenz all dieser Menschen. Menschen, die durch ihr Land, ihre Verwandtschaft, durch all den Dorftratsch miteinander verbunden sind. \u00a0Und durch ihre Sehnsucht nach etwas anderem.<\/p>\n<p>&nbsp;<\/p>\n<p>Dass die beiden Br\u00fcder schlussendlich jeder f\u00fcr selbst einen vom Leser nicht mehr f\u00fcr m\u00f6glich gehaltenen Neuanfang wagen, stimmt trotz seiner Zerbrechlichkeit tr\u00f6stlich.<\/p>\n<p>&nbsp;<\/p>\n<p>Man muss den Schreibstil von Reinhard Kaiser-M\u00fchlecker m\u00f6gen, sonst kann man das Buch nicht genie\u00dfen.<\/p>\n<p>&nbsp;<\/p>\n","protected":false},"excerpt":{"rendered":"<p>&nbsp; &nbsp; Reinhard Kaiser-M\u00fchlecker, Fremde Seele, dunkler Wald, S. Fischer 2016, ISBN 978-3-10-002428-2 &nbsp; Der \u00f6sterreichische Schriftsteller Reinhard Kaiser- M\u00fchlecker erz\u00e4hlt in seinem neuen Roman, der es bis auf die Shortlist des Deutschen Buchpreises geschafft hat, die Geschichte von zwei unterschiedlichen Br\u00fcdern und deren lange vergeblichen, schlussendlich aber doch Erfolg gekr\u00f6nten Versuche, die Vergangenheit hinter &hellip; <a href=\"https:\/\/blog.liesdoch.de\/?p=2810\" class=\"more-link\"><span class=\"screen-reader-text\">Fremde Seele, dunkler Wald<\/span> weiterlesen <span class=\"meta-nav\">&rarr;<\/span><\/a><\/p>\n","protected":false},"author":6,"featured_media":0,"comment_status":"open","ping_status":"open","sticky":false,"template":"","format":"standard","meta":{"footnotes":""},"categories":[1],"tags":[],"class_list":["post-2810","post","type-post","status-publish","format-standard","hentry","category-allgemein"],"_links":{"self":[{"href":"https:\/\/blog.liesdoch.de\/index.php?rest_route=\/wp\/v2\/posts\/2810","targetHints":{"allow":["GET"]}}],"collection":[{"href":"https:\/\/blog.liesdoch.de\/index.php?rest_route=\/wp\/v2\/posts"}],"about":[{"href":"https:\/\/blog.liesdoch.de\/index.php?rest_route=\/wp\/v2\/types\/post"}],"author":[{"embeddable":true,"href":"https:\/\/blog.liesdoch.de\/index.php?rest_route=\/wp\/v2\/users\/6"}],"replies":[{"embeddable":true,"href":"https:\/\/blog.liesdoch.de\/index.php?rest_route=%2Fwp%2Fv2%2Fcomments&post=2810"}],"version-history":[{"count":1,"href":"https:\/\/blog.liesdoch.de\/index.php?rest_route=\/wp\/v2\/posts\/2810\/revisions"}],"predecessor-version":[{"id":2812,"href":"https:\/\/blog.liesdoch.de\/index.php?rest_route=\/wp\/v2\/posts\/2810\/revisions\/2812"}],"wp:attachment":[{"href":"https:\/\/blog.liesdoch.de\/index.php?rest_route=%2Fwp%2Fv2%2Fmedia&parent=2810"}],"wp:term":[{"taxonomy":"category","embeddable":true,"href":"https:\/\/blog.liesdoch.de\/index.php?rest_route=%2Fwp%2Fv2%2Fcategories&post=2810"},{"taxonomy":"post_tag","embeddable":true,"href":"https:\/\/blog.liesdoch.de\/index.php?rest_route=%2Fwp%2Fv2%2Ftags&post=2810"}],"curies":[{"name":"wp","href":"https:\/\/api.w.org\/{rel}","templated":true}]}}