{"id":2825,"date":"2016-10-31T13:07:58","date_gmt":"2016-10-31T11:07:58","guid":{"rendered":"http:\/\/blog.liesdoch.de\/?p=2825"},"modified":"2016-10-31T13:07:58","modified_gmt":"2016-10-31T11:07:58","slug":"der-garten-von-hermann-hesse","status":"publish","type":"post","link":"https:\/\/blog.liesdoch.de\/?p=2825","title":{"rendered":"Der Garten von Hermann Hesse"},"content":{"rendered":"<p>&nbsp;<\/p>\n<p>&nbsp;<\/p>\n<p>&nbsp;<\/p>\n<p><a href=\"http:\/\/blog.liesdoch.de\/wp-content\/uploads\/2016\/10\/44942933z.jpg\"><img loading=\"lazy\" decoding=\"async\" class=\"alignnone size-medium wp-image-2826\" src=\"http:\/\/blog.liesdoch.de\/wp-content\/uploads\/2016\/10\/44942933z-276x300.jpg\" alt=\"44942933z\" width=\"276\" height=\"300\" srcset=\"https:\/\/blog.liesdoch.de\/wp-content\/uploads\/2016\/10\/44942933z-276x300.jpg 276w, https:\/\/blog.liesdoch.de\/wp-content\/uploads\/2016\/10\/44942933z.jpg 437w\" sizes=\"auto, (max-width: 276px) 100vw, 276px\" \/><\/a><\/p>\n<p>&nbsp;<\/p>\n<p>Eva Eberwein, Der Garten von Hermann Hesse, DVA 2015, ISBN 978-3-421-04034-3<\/p>\n<p>&nbsp;<\/p>\n<p>Wenig bekannt ist vielen Liebhabern der B\u00fccher von Hermann Hesse, dass er ab 1907, nachdem er ein Haus mit Grundst\u00fcck in Gaienhofen am Bodensee gekauft hatte und dessen Grundfl\u00e4che durch weitere Grundst\u00fccksk\u00e4ufe vergr\u00f6\u00dferte in den folgenden Jahren, sich dort einen Garten anlegte mit Obstb\u00e4umen, Str\u00e4uchern, Gem\u00fcsebeeten und Blumen.<\/p>\n<p>Bis 1912, als die Familie Hesse nach Bern zog und Haus und Garten in Gaienhofen verkaufte, investierte der Schriftsteller viel Zeit in die Gestaltung dieses Gartens. An sp\u00e4teren Wohnorten \u00fcbernahm er jeweils G\u00e4rten zu den H\u00e4usern, die er bewohnte, und gestaltete sie lediglich um.<\/p>\n<p>&nbsp;<\/p>\n<p>Dennoch hat Hermann Hesse fast die H\u00e4lfe seine Lebens in einem eigenen Garten sich von seiner schriftstellerischen Arbeit erholt.<\/p>\n<p>&nbsp;<\/p>\n<p>Nach mehrfachen Besitzerwechseln zwischen 1912 (am Ende des Buches gut dokumentiert) kaufte die Autorin des vorliegenden Bandes, Eva Eberwein zusammen mit ihrem Mann das Anwesen mit dem Ziel, den ehemaligen Garten von Hermann Hesse wiederherzustellen.<\/p>\n<p>&nbsp;<\/p>\n<p>Seit 2009 ist der Garten f\u00fcr die \u00d6ffentlichkeit ge\u00f6ffnet und F\u00fchrungen durch Eva Eberwein k\u00f6nnen gebucht werden.<\/p>\n<p>&nbsp;<\/p>\n<p>Die Fotografien von Ferdinand Graf von\u00a0 Luckner geben ein eindrucksvolles Zeugnis von diesem wunderbaren Kleinod der Natur.<\/p>\n<p>&nbsp;<\/p>\n<p>F\u00fcr Freunde der B\u00fccher von Hermann Hesse ist dieser auch mit historischen Fotos versehen Band eine weitere Erg\u00e4nzung seiner Biographie.<\/p>\n<p>&nbsp;<\/p>\n<p>&nbsp;<\/p>\n","protected":false},"excerpt":{"rendered":"<p>&nbsp; &nbsp; &nbsp; &nbsp; Eva Eberwein, Der Garten von Hermann Hesse, DVA 2015, ISBN 978-3-421-04034-3 &nbsp; Wenig bekannt ist vielen Liebhabern der B\u00fccher von Hermann Hesse, dass er ab 1907, nachdem er ein Haus mit Grundst\u00fcck in Gaienhofen am Bodensee gekauft hatte und dessen Grundfl\u00e4che durch weitere Grundst\u00fccksk\u00e4ufe vergr\u00f6\u00dferte in den folgenden Jahren, sich dort &hellip; <a href=\"https:\/\/blog.liesdoch.de\/?p=2825\" class=\"more-link\"><span class=\"screen-reader-text\">Der Garten von Hermann Hesse<\/span> weiterlesen <span class=\"meta-nav\">&rarr;<\/span><\/a><\/p>\n","protected":false},"author":6,"featured_media":0,"comment_status":"open","ping_status":"open","sticky":false,"template":"","format":"standard","meta":{"footnotes":""},"categories":[1],"tags":[],"class_list":["post-2825","post","type-post","status-publish","format-standard","hentry","category-allgemein"],"_links":{"self":[{"href":"https:\/\/blog.liesdoch.de\/index.php?rest_route=\/wp\/v2\/posts\/2825","targetHints":{"allow":["GET"]}}],"collection":[{"href":"https:\/\/blog.liesdoch.de\/index.php?rest_route=\/wp\/v2\/posts"}],"about":[{"href":"https:\/\/blog.liesdoch.de\/index.php?rest_route=\/wp\/v2\/types\/post"}],"author":[{"embeddable":true,"href":"https:\/\/blog.liesdoch.de\/index.php?rest_route=\/wp\/v2\/users\/6"}],"replies":[{"embeddable":true,"href":"https:\/\/blog.liesdoch.de\/index.php?rest_route=%2Fwp%2Fv2%2Fcomments&post=2825"}],"version-history":[{"count":1,"href":"https:\/\/blog.liesdoch.de\/index.php?rest_route=\/wp\/v2\/posts\/2825\/revisions"}],"predecessor-version":[{"id":2827,"href":"https:\/\/blog.liesdoch.de\/index.php?rest_route=\/wp\/v2\/posts\/2825\/revisions\/2827"}],"wp:attachment":[{"href":"https:\/\/blog.liesdoch.de\/index.php?rest_route=%2Fwp%2Fv2%2Fmedia&parent=2825"}],"wp:term":[{"taxonomy":"category","embeddable":true,"href":"https:\/\/blog.liesdoch.de\/index.php?rest_route=%2Fwp%2Fv2%2Fcategories&post=2825"},{"taxonomy":"post_tag","embeddable":true,"href":"https:\/\/blog.liesdoch.de\/index.php?rest_route=%2Fwp%2Fv2%2Ftags&post=2825"}],"curies":[{"name":"wp","href":"https:\/\/api.w.org\/{rel}","templated":true}]}}