{"id":2837,"date":"2016-11-02T09:51:26","date_gmt":"2016-11-02T07:51:26","guid":{"rendered":"http:\/\/blog.liesdoch.de\/?p=2837"},"modified":"2016-11-02T09:51:26","modified_gmt":"2016-11-02T07:51:26","slug":"denkweg","status":"publish","type":"post","link":"https:\/\/blog.liesdoch.de\/?p=2837","title":{"rendered":"Denkweg"},"content":{"rendered":"<p><strong><\/strong><\/p>\n<p>&nbsp;<\/p>\n<p><a href=\"http:\/\/blog.liesdoch.de\/wp-content\/uploads\/2016\/11\/45614709z.jpg\"><img loading=\"lazy\" decoding=\"async\" class=\"alignnone size-medium wp-image-2838\" src=\"http:\/\/blog.liesdoch.de\/wp-content\/uploads\/2016\/11\/45614709z-204x300.jpg\" alt=\"45614709z\" width=\"204\" height=\"300\" srcset=\"https:\/\/blog.liesdoch.de\/wp-content\/uploads\/2016\/11\/45614709z-204x300.jpg 204w, https:\/\/blog.liesdoch.de\/wp-content\/uploads\/2016\/11\/45614709z.jpg 323w\" sizes=\"auto, (max-width: 204px) 100vw, 204px\" \/><\/a><\/p>\n<p>Bertram Weisshaar, Denkweg, Ookom 2016, ISBN 978-3-86581-827-0<\/p>\n<p>&nbsp;<\/p>\n<p>Unsere Welt wird immer schneller, und die Menschen sind in ihr auch immer schneller unterwegs. Unter den Stichworten \u201eEntschleunigung\u201c und \u201eAchtsamkeit\u201c hat in den letzten\u00a0 Jahren das Gehen, das Wandern und das Pilgern eine Renaissance erfahren. Viele Menschen sind unterwegs auf ihren eigenen F\u00fc\u00dfen, werden wachsam f\u00fcr das, was sie umgibt und deshalb auch immer mehr f\u00fcr das, was sie in ihrem Inneren mit auf den Weg nehmen. Nicht immer lassen sie es dort, aber beim Gehen wird es ihnen klarer und so kommen sie oft \u201emit leichtem Gep\u00e4ck\u201c wieder zur\u00fcck.<\/p>\n<p>&nbsp;<\/p>\n<p>In dieser Tradition hat der Spaziergangsforscher (er nennt sich wirklich so) einen neuartigen Wanderweg entworfen, den er \u201eDenkweg\u201c nennt und den er als (um)weltlichen Pilgerweg konzipiert hat. In dem vorliegenden Buch beschreibt er ausf\u00fchrlich dieses Konzept und nimmt den Leser mit auf einen solchen Weg, der ihn von Aachen bis nach Zittau gef\u00fchrt hat.<\/p>\n<p>&nbsp;<\/p>\n<p>Es geht ihm darum, die F\u00fclle an Sch\u00f6nheit und Widerspr\u00fcchlichkeit, die ihm begegnen, zu erfassen und sie als ein Ganzes zu denken.<\/p>\n<p>&nbsp;<\/p>\n<p>Ein interessanter s\u00e4kularer Ansatz des traditionellen Pilgerns.<\/p>\n","protected":false},"excerpt":{"rendered":"<p>&nbsp; Bertram Weisshaar, Denkweg, Ookom 2016, ISBN 978-3-86581-827-0 &nbsp; Unsere Welt wird immer schneller, und die Menschen sind in ihr auch immer schneller unterwegs. Unter den Stichworten \u201eEntschleunigung\u201c und \u201eAchtsamkeit\u201c hat in den letzten\u00a0 Jahren das Gehen, das Wandern und das Pilgern eine Renaissance erfahren. Viele Menschen sind unterwegs auf ihren eigenen F\u00fc\u00dfen, werden wachsam &hellip; <a href=\"https:\/\/blog.liesdoch.de\/?p=2837\" class=\"more-link\"><span class=\"screen-reader-text\">Denkweg<\/span> weiterlesen <span class=\"meta-nav\">&rarr;<\/span><\/a><\/p>\n","protected":false},"author":6,"featured_media":0,"comment_status":"open","ping_status":"open","sticky":false,"template":"","format":"standard","meta":{"footnotes":""},"categories":[1],"tags":[],"class_list":["post-2837","post","type-post","status-publish","format-standard","hentry","category-allgemein"],"_links":{"self":[{"href":"https:\/\/blog.liesdoch.de\/index.php?rest_route=\/wp\/v2\/posts\/2837","targetHints":{"allow":["GET"]}}],"collection":[{"href":"https:\/\/blog.liesdoch.de\/index.php?rest_route=\/wp\/v2\/posts"}],"about":[{"href":"https:\/\/blog.liesdoch.de\/index.php?rest_route=\/wp\/v2\/types\/post"}],"author":[{"embeddable":true,"href":"https:\/\/blog.liesdoch.de\/index.php?rest_route=\/wp\/v2\/users\/6"}],"replies":[{"embeddable":true,"href":"https:\/\/blog.liesdoch.de\/index.php?rest_route=%2Fwp%2Fv2%2Fcomments&post=2837"}],"version-history":[{"count":1,"href":"https:\/\/blog.liesdoch.de\/index.php?rest_route=\/wp\/v2\/posts\/2837\/revisions"}],"predecessor-version":[{"id":2839,"href":"https:\/\/blog.liesdoch.de\/index.php?rest_route=\/wp\/v2\/posts\/2837\/revisions\/2839"}],"wp:attachment":[{"href":"https:\/\/blog.liesdoch.de\/index.php?rest_route=%2Fwp%2Fv2%2Fmedia&parent=2837"}],"wp:term":[{"taxonomy":"category","embeddable":true,"href":"https:\/\/blog.liesdoch.de\/index.php?rest_route=%2Fwp%2Fv2%2Fcategories&post=2837"},{"taxonomy":"post_tag","embeddable":true,"href":"https:\/\/blog.liesdoch.de\/index.php?rest_route=%2Fwp%2Fv2%2Ftags&post=2837"}],"curies":[{"name":"wp","href":"https:\/\/api.w.org\/{rel}","templated":true}]}}