{"id":2841,"date":"2016-11-02T12:04:30","date_gmt":"2016-11-02T10:04:30","guid":{"rendered":"http:\/\/blog.liesdoch.de\/?p=2841"},"modified":"2016-11-02T12:04:30","modified_gmt":"2016-11-02T10:04:30","slug":"zeit-fuer-mich-zeit-fuer-gott","status":"publish","type":"post","link":"https:\/\/blog.liesdoch.de\/?p=2841","title":{"rendered":"Zeit f\u00fcr mich, Zeit f\u00fcr Gott"},"content":{"rendered":"<p>&nbsp;<\/p>\n<p>&nbsp;<\/p>\n<p>&nbsp;<\/p>\n<p>&nbsp;<\/p>\n<p>&nbsp;<\/p>\n<p><a href=\"http:\/\/blog.liesdoch.de\/wp-content\/uploads\/2016\/11\/44943814z.jpg\"><img loading=\"lazy\" decoding=\"async\" class=\"alignnone size-medium wp-image-2842\" src=\"http:\/\/blog.liesdoch.de\/wp-content\/uploads\/2016\/11\/44943814z-267x300.jpg\" alt=\"44943814z\" width=\"267\" height=\"300\" srcset=\"https:\/\/blog.liesdoch.de\/wp-content\/uploads\/2016\/11\/44943814z-267x300.jpg 267w, https:\/\/blog.liesdoch.de\/wp-content\/uploads\/2016\/11\/44943814z.jpg 424w\" sizes=\"auto, (max-width: 267px) 100vw, 267px\" \/><\/a><\/p>\n<p>&nbsp;<\/p>\n<p>Christoph Kreitmeier, Zeit f\u00fcr mich, Zeit f\u00fcr Gott, G\u00fctersloher Verlagshaus 2016, ISBN 978-3-579-08535-7<\/p>\n<p>&nbsp;<\/p>\n<p>Dass die Adventszeit in fr\u00fcheren Zeiten eine Zeit der Stille und des Fastens war, ist heutzutage v\u00f6llig vergessen gegangen. Tats\u00e4chlich ist die Zeit des Wartens auf die Ankunft des Christus eine Zeit, die die meisten Menschen als die hektischste im Jahresablauf bezeichnen w\u00fcrden.<\/p>\n<p>Nicht nur dass einem in den St\u00e4dten schon ab Mitte November der Kauf von Geschenken regelrecht aufgedr\u00fcckt wird, auch in den Firmen stellt sich im Dezember eine seltsame, in den meisten F\u00e4llen v\u00f6llig unbegr\u00fcndete Hektik ein, die von oben nach unten alle Mitarbeiter erfasst. Was da alles noch vor Jahresende fertig sein muss!<\/p>\n<p>&nbsp;<\/p>\n<p>Viele Menschen \u00fcbernehmen dieses Verhalten in ihr privates Leben, hetzen von einem Termin zum anderen, den sie sich meist selbst gesetzt haben, weil sie dies oder das noch unbedingt im alten Jahr glauben erledigen zu m\u00fcssen. Eine Weihnachtsfeier, die im \u00dcbrigen sich in nichts von anderen Feiern mehr unterscheiden, jagt die andere. Sich mit einem Freund oder einer Freundin im Advent einfach mal so zu treffen, ist ein Ding der Unm\u00f6glichkeit.<\/p>\n<p>&nbsp;<\/p>\n<p>Die Zeit der Stille hat sich in eine Zeit der Hektik verwandelt. Dem will sich dieses kleine B\u00fcchlein des Paters Christoph Kreitmeier entgegenstellen. Wer es kauft, geschenkt bekommt oder es vielleicht auch selbst verschenkt, erh\u00e4lt oder vergibt so etwas wie \u201eSeelennahrung f\u00fcr Advent und Weihnachten\u201c.<\/p>\n<p>&nbsp;<\/p>\n<p>Aufgebaut wie ein klassischer Adventskalender, enth\u00e4lt das Buch f\u00fcr jeden Tag dieser bedeutenden Zeit Texte, Gebete, Gedichte, \u00dcbungen und Fragen zum Nachdenken.<\/p>\n<p>&nbsp;<\/p>\n<p>Nach den Texten jeden Tages gibt der Autor Hinweise zum Weiterlesen, Musikbeispiele und Linktipps aus dem Internet. Ich bin sicher, wer sich in der kommenden Adventszeit f\u00fcr dieses Buch jeweils 30- 60 Minuten Zeit am Tag g\u00f6nnt und schenkt, wird diese Zeit entschleunigen und das Fest der Geburt Christi anders erleben als bisher.<\/p>\n<p>&nbsp;<\/p>\n<p>Ein wundersch\u00f6nes Geschenk, das Sie bitte noch im November machen sollten.<\/p>\n","protected":false},"excerpt":{"rendered":"<p>&nbsp; &nbsp; &nbsp; &nbsp; &nbsp; &nbsp; Christoph Kreitmeier, Zeit f\u00fcr mich, Zeit f\u00fcr Gott, G\u00fctersloher Verlagshaus 2016, ISBN 978-3-579-08535-7 &nbsp; Dass die Adventszeit in fr\u00fcheren Zeiten eine Zeit der Stille und des Fastens war, ist heutzutage v\u00f6llig vergessen gegangen. Tats\u00e4chlich ist die Zeit des Wartens auf die Ankunft des Christus eine Zeit, die die meisten &hellip; <a href=\"https:\/\/blog.liesdoch.de\/?p=2841\" class=\"more-link\"><span class=\"screen-reader-text\">Zeit f\u00fcr mich, Zeit f\u00fcr Gott<\/span> weiterlesen <span class=\"meta-nav\">&rarr;<\/span><\/a><\/p>\n","protected":false},"author":6,"featured_media":0,"comment_status":"open","ping_status":"open","sticky":false,"template":"","format":"standard","meta":{"footnotes":""},"categories":[1],"tags":[],"class_list":["post-2841","post","type-post","status-publish","format-standard","hentry","category-allgemein"],"_links":{"self":[{"href":"https:\/\/blog.liesdoch.de\/index.php?rest_route=\/wp\/v2\/posts\/2841","targetHints":{"allow":["GET"]}}],"collection":[{"href":"https:\/\/blog.liesdoch.de\/index.php?rest_route=\/wp\/v2\/posts"}],"about":[{"href":"https:\/\/blog.liesdoch.de\/index.php?rest_route=\/wp\/v2\/types\/post"}],"author":[{"embeddable":true,"href":"https:\/\/blog.liesdoch.de\/index.php?rest_route=\/wp\/v2\/users\/6"}],"replies":[{"embeddable":true,"href":"https:\/\/blog.liesdoch.de\/index.php?rest_route=%2Fwp%2Fv2%2Fcomments&post=2841"}],"version-history":[{"count":1,"href":"https:\/\/blog.liesdoch.de\/index.php?rest_route=\/wp\/v2\/posts\/2841\/revisions"}],"predecessor-version":[{"id":2843,"href":"https:\/\/blog.liesdoch.de\/index.php?rest_route=\/wp\/v2\/posts\/2841\/revisions\/2843"}],"wp:attachment":[{"href":"https:\/\/blog.liesdoch.de\/index.php?rest_route=%2Fwp%2Fv2%2Fmedia&parent=2841"}],"wp:term":[{"taxonomy":"category","embeddable":true,"href":"https:\/\/blog.liesdoch.de\/index.php?rest_route=%2Fwp%2Fv2%2Fcategories&post=2841"},{"taxonomy":"post_tag","embeddable":true,"href":"https:\/\/blog.liesdoch.de\/index.php?rest_route=%2Fwp%2Fv2%2Ftags&post=2841"}],"curies":[{"name":"wp","href":"https:\/\/api.w.org\/{rel}","templated":true}]}}