{"id":2849,"date":"2016-11-02T14:21:04","date_gmt":"2016-11-02T12:21:04","guid":{"rendered":"http:\/\/blog.liesdoch.de\/?p=2849"},"modified":"2016-11-02T14:21:04","modified_gmt":"2016-11-02T12:21:04","slug":"montreal-privat","status":"publish","type":"post","link":"https:\/\/blog.liesdoch.de\/?p=2849","title":{"rendered":"Montreal privat"},"content":{"rendered":"<p>&nbsp;<\/p>\n<p>&nbsp;<\/p>\n<p><a href=\"http:\/\/blog.liesdoch.de\/wp-content\/uploads\/2016\/11\/44961677z.jpg\"><img loading=\"lazy\" decoding=\"async\" class=\"alignnone size-medium wp-image-2850\" src=\"http:\/\/blog.liesdoch.de\/wp-content\/uploads\/2016\/11\/44961677z-300x205.jpg\" alt=\"44961677z\" width=\"300\" height=\"205\" srcset=\"https:\/\/blog.liesdoch.de\/wp-content\/uploads\/2016\/11\/44961677z-300x205.jpg 300w, https:\/\/blog.liesdoch.de\/wp-content\/uploads\/2016\/11\/44961677z.jpg 475w\" sizes=\"auto, (max-width: 300px) 100vw, 300px\" \/><\/a><\/p>\n<p>Uwe Karte, Montreal privat, Verlag Die Werkstatt 2016, ISBN 978-3-7307-0301-4<\/p>\n<p>&nbsp;<\/p>\n<p>Im Jahr 1976, als die damalige Fu\u00dfballmannschaft der DDR in Montreal ihren \u00fcberraschenden und \u00fcberzeugenden Olympiasieg errang, da blieb die Resonanz im Westen schwach. Dennoch war dieser Sieg f\u00fcr die DRR nicht weniger bedeutend als der Gewinn der Weltmeisterschaft der bundesdeutschen Nationalmannschaft zwei Jahre zuvor.<\/p>\n<p>&nbsp;<\/p>\n<p>Wie das junge Fu\u00dfballes in der damaligen DDR erlebten und wie sie diese Ausnahmemannschaft feierten, beschreibt Matthias Sammer in dem Vorwort zu diesem Band, der die Geschichte dieser Mannschaft und ihres Trainers erz\u00e4hlt. Matthias hat wenige Jahre sp\u00e4ter in Dresden noch mit vielen dieser alten K\u00e4mpen zusammen gespielt und war f\u00fcr beide Teams im Osten und im Westen nach der Wende erfolgreich.<\/p>\n<p>&nbsp;<\/p>\n<p>Der Titel erkl\u00e4rt sich aus der Tatsache, dass die Spieler dem Autor des Buches viele Fotos aus ihrer Privatsammlung zur Verf\u00fcgung stellten und ihm auch etliche Anekdoten und Episoden schilderten, mit denen Uwe Karte sein Buch gew\u00fcrzt hat.<\/p>\n<p>&nbsp;<\/p>\n<p>Insbesondere f\u00fcr \u00e4ltere Fu\u00dfballfans in den \u00f6stlichen Bundesl\u00e4ndern ist dies Buch wichtig, und sie sollten es in ihrem Regal stehen haben.<\/p>\n","protected":false},"excerpt":{"rendered":"<p>&nbsp; &nbsp; Uwe Karte, Montreal privat, Verlag Die Werkstatt 2016, ISBN 978-3-7307-0301-4 &nbsp; Im Jahr 1976, als die damalige Fu\u00dfballmannschaft der DDR in Montreal ihren \u00fcberraschenden und \u00fcberzeugenden Olympiasieg errang, da blieb die Resonanz im Westen schwach. Dennoch war dieser Sieg f\u00fcr die DRR nicht weniger bedeutend als der Gewinn der Weltmeisterschaft der bundesdeutschen Nationalmannschaft &hellip; <a href=\"https:\/\/blog.liesdoch.de\/?p=2849\" class=\"more-link\"><span class=\"screen-reader-text\">Montreal privat<\/span> weiterlesen <span class=\"meta-nav\">&rarr;<\/span><\/a><\/p>\n","protected":false},"author":6,"featured_media":0,"comment_status":"open","ping_status":"open","sticky":false,"template":"","format":"standard","meta":{"footnotes":""},"categories":[1],"tags":[],"class_list":["post-2849","post","type-post","status-publish","format-standard","hentry","category-allgemein"],"_links":{"self":[{"href":"https:\/\/blog.liesdoch.de\/index.php?rest_route=\/wp\/v2\/posts\/2849","targetHints":{"allow":["GET"]}}],"collection":[{"href":"https:\/\/blog.liesdoch.de\/index.php?rest_route=\/wp\/v2\/posts"}],"about":[{"href":"https:\/\/blog.liesdoch.de\/index.php?rest_route=\/wp\/v2\/types\/post"}],"author":[{"embeddable":true,"href":"https:\/\/blog.liesdoch.de\/index.php?rest_route=\/wp\/v2\/users\/6"}],"replies":[{"embeddable":true,"href":"https:\/\/blog.liesdoch.de\/index.php?rest_route=%2Fwp%2Fv2%2Fcomments&post=2849"}],"version-history":[{"count":1,"href":"https:\/\/blog.liesdoch.de\/index.php?rest_route=\/wp\/v2\/posts\/2849\/revisions"}],"predecessor-version":[{"id":2851,"href":"https:\/\/blog.liesdoch.de\/index.php?rest_route=\/wp\/v2\/posts\/2849\/revisions\/2851"}],"wp:attachment":[{"href":"https:\/\/blog.liesdoch.de\/index.php?rest_route=%2Fwp%2Fv2%2Fmedia&parent=2849"}],"wp:term":[{"taxonomy":"category","embeddable":true,"href":"https:\/\/blog.liesdoch.de\/index.php?rest_route=%2Fwp%2Fv2%2Fcategories&post=2849"},{"taxonomy":"post_tag","embeddable":true,"href":"https:\/\/blog.liesdoch.de\/index.php?rest_route=%2Fwp%2Fv2%2Ftags&post=2849"}],"curies":[{"name":"wp","href":"https:\/\/api.w.org\/{rel}","templated":true}]}}