{"id":2861,"date":"2016-11-05T11:14:03","date_gmt":"2016-11-05T09:14:03","guid":{"rendered":"http:\/\/blog.liesdoch.de\/?p=2861"},"modified":"2016-11-05T11:14:03","modified_gmt":"2016-11-05T09:14:03","slug":"kandinsky-marc-und-der-blaue-reiter","status":"publish","type":"post","link":"https:\/\/blog.liesdoch.de\/?p=2861","title":{"rendered":"Kandinsky, Marc und der Blaue Reiter"},"content":{"rendered":"<p>&nbsp;<\/p>\n<p>&nbsp;<\/p>\n<p>&nbsp;<\/p>\n<p><a href=\"http:\/\/blog.liesdoch.de\/wp-content\/uploads\/2016\/11\/44713247z.jpg\"><img loading=\"lazy\" decoding=\"async\" class=\"alignnone size-medium wp-image-2862\" src=\"http:\/\/blog.liesdoch.de\/wp-content\/uploads\/2016\/11\/44713247z-240x300.jpg\" alt=\"44713247z\" width=\"240\" height=\"300\" srcset=\"https:\/\/blog.liesdoch.de\/wp-content\/uploads\/2016\/11\/44713247z-240x300.jpg 240w, https:\/\/blog.liesdoch.de\/wp-content\/uploads\/2016\/11\/44713247z.jpg 381w\" sizes=\"auto, (max-width: 240px) 100vw, 240px\" \/><\/a><\/p>\n<p>&nbsp;<\/p>\n<p>Ulf K\u00fcster (Hg.) Kandinsky, Marc und der Blaue Reiter, Hatje Cantz 2016, ISBN 978-3-7757-4168-2<\/p>\n<p>&nbsp;<\/p>\n<p>Anfang des 20. Jahrhunderts schlossen sich verschiedene K\u00fcnstler zu einer Gruppe zusammen, die man sp\u00e4ter unter dem Titel der Zeitschrift, die sie erstmals im Mai 1912 herausgaben, \u201eDer Blaue Reiter\u201c nannte. Dazu geh\u00f6rte federf\u00fchrend Wassily Kandinsky und Franz Marc, aber auch Gabriele M\u00fcnter und August Macke wurden bis auf den heutigen Tag einem breiten Publikum unter diesem Namen bekannt.\u00a0 W\u00e4hrend ihrer Suche nach neuen Ausdrucksformen organisierte die Gruppe in M\u00fcnchen 1911 und 1912 zwei Ausstellungen, um ihre kunsttheoretischen Vorstellungen anhand der ausgestellten Kunstwerke zu dokumentieren.<\/p>\n<p>&nbsp;<\/p>\n<p>Mit Beginn des Ersten Weltkriegs l\u00f6ste sich die Gruppe auf.<\/p>\n<p>&nbsp;<\/p>\n<p>Das vorliegende Buch aus dem Hatje Cantz Verlag dokumentiert mit insgesamt elf informativen kunsthistorischen Essays versehen, eine Ausstellung \u00fcber den Blauen Reiter, die vom 4.9.2016 bis zum 22.1. 2017 in der Fondation Beyeler in Riehen bei Basel zu sehen ist.<\/p>\n<p>&nbsp;<\/p>\n<p>Wegen der wunderbar gelungenen Wiedergabe der verschiedenen teilweise sehr ber\u00fchmt gewordenen Werke und der \u00fcberaus lehrreichen Essays kann dieser Band kunstinteressierten Menschen aller Generationen zu einer hervorragenden Einf\u00fchrung in die Geschichte, die Werke und die kunsthistorische Bedeutung dieser exzeptionellen K\u00fcnstlergruppe werden.<\/p>\n<p>&nbsp;<\/p>\n<p>\u201e<\/p>\n<p>&nbsp;<\/p>\n","protected":false},"excerpt":{"rendered":"<p>&nbsp; &nbsp; &nbsp; &nbsp; Ulf K\u00fcster (Hg.) Kandinsky, Marc und der Blaue Reiter, Hatje Cantz 2016, ISBN 978-3-7757-4168-2 &nbsp; Anfang des 20. Jahrhunderts schlossen sich verschiedene K\u00fcnstler zu einer Gruppe zusammen, die man sp\u00e4ter unter dem Titel der Zeitschrift, die sie erstmals im Mai 1912 herausgaben, \u201eDer Blaue Reiter\u201c nannte. Dazu geh\u00f6rte federf\u00fchrend Wassily Kandinsky &hellip; <a href=\"https:\/\/blog.liesdoch.de\/?p=2861\" class=\"more-link\"><span class=\"screen-reader-text\">Kandinsky, Marc und der Blaue Reiter<\/span> weiterlesen <span class=\"meta-nav\">&rarr;<\/span><\/a><\/p>\n","protected":false},"author":6,"featured_media":0,"comment_status":"open","ping_status":"open","sticky":false,"template":"","format":"standard","meta":{"footnotes":""},"categories":[1],"tags":[],"class_list":["post-2861","post","type-post","status-publish","format-standard","hentry","category-allgemein"],"_links":{"self":[{"href":"https:\/\/blog.liesdoch.de\/index.php?rest_route=\/wp\/v2\/posts\/2861","targetHints":{"allow":["GET"]}}],"collection":[{"href":"https:\/\/blog.liesdoch.de\/index.php?rest_route=\/wp\/v2\/posts"}],"about":[{"href":"https:\/\/blog.liesdoch.de\/index.php?rest_route=\/wp\/v2\/types\/post"}],"author":[{"embeddable":true,"href":"https:\/\/blog.liesdoch.de\/index.php?rest_route=\/wp\/v2\/users\/6"}],"replies":[{"embeddable":true,"href":"https:\/\/blog.liesdoch.de\/index.php?rest_route=%2Fwp%2Fv2%2Fcomments&post=2861"}],"version-history":[{"count":1,"href":"https:\/\/blog.liesdoch.de\/index.php?rest_route=\/wp\/v2\/posts\/2861\/revisions"}],"predecessor-version":[{"id":2863,"href":"https:\/\/blog.liesdoch.de\/index.php?rest_route=\/wp\/v2\/posts\/2861\/revisions\/2863"}],"wp:attachment":[{"href":"https:\/\/blog.liesdoch.de\/index.php?rest_route=%2Fwp%2Fv2%2Fmedia&parent=2861"}],"wp:term":[{"taxonomy":"category","embeddable":true,"href":"https:\/\/blog.liesdoch.de\/index.php?rest_route=%2Fwp%2Fv2%2Fcategories&post=2861"},{"taxonomy":"post_tag","embeddable":true,"href":"https:\/\/blog.liesdoch.de\/index.php?rest_route=%2Fwp%2Fv2%2Ftags&post=2861"}],"curies":[{"name":"wp","href":"https:\/\/api.w.org\/{rel}","templated":true}]}}