{"id":2864,"date":"2016-11-05T11:15:02","date_gmt":"2016-11-05T09:15:02","guid":{"rendered":"http:\/\/blog.liesdoch.de\/?p=2864"},"modified":"2016-11-05T11:15:02","modified_gmt":"2016-11-05T09:15:02","slug":"zurueck-auf-start","status":"publish","type":"post","link":"https:\/\/blog.liesdoch.de\/?p=2864","title":{"rendered":"Zur\u00fcck auf Start"},"content":{"rendered":"<p>&nbsp;<\/p>\n<p><a href=\"http:\/\/blog.liesdoch.de\/wp-content\/uploads\/2016\/11\/45014157z.jpg\"><img loading=\"lazy\" decoding=\"async\" class=\"alignnone size-medium wp-image-2865\" src=\"http:\/\/blog.liesdoch.de\/wp-content\/uploads\/2016\/11\/45014157z-187x300.jpg\" alt=\"45014157z\" width=\"187\" height=\"300\" srcset=\"https:\/\/blog.liesdoch.de\/wp-content\/uploads\/2016\/11\/45014157z-187x300.jpg 187w, https:\/\/blog.liesdoch.de\/wp-content\/uploads\/2016\/11\/45014157z.jpg 297w\" sizes=\"auto, (max-width: 187px) 100vw, 187px\" \/><\/a><\/p>\n<p>Petros Markaris, Zur\u00fcck auf Start, Diogenes 2016, ISBN 978-3-257-24380-2<\/p>\n<p>&nbsp;<\/p>\n<p>Nat\u00fcrlich hat sich Petros Markaris, der insbesondere in Deutschland in den letzten Jahren durch differenzierte Stellungnahmen zur finanziellen Situation seiner Heimatlandes Griechenland, deren Ursachen und m\u00f6glichen L\u00f6sungen aufgefallen ist, auch in seinem neuen Fall f\u00fcr seinen Kommissar Kostas Charitos mit den Folgen der Finanzkrise in seinen Land besch\u00e4ftigt.<\/p>\n<p>Auch wenn nat\u00fcrlich die Geschichte, die erz\u00e4hlt wird, erfunden ist, sind doch, so wie in allen fr\u00fcheren bisher erschienenen B\u00e4nden (Hellas Chanell, Nachtfalter, Live!, Der Gro\u00dfaktion\u00e4r, Die Kinderfrau und Faule Kredite, Zahltag und Abrechnung) auf fast jeder Seite soziale und politische Informationen und Analysen und am Beispiel von Kostas` Familie auch das private Schicksal von Menschen eingeflossen.<\/p>\n<p>Im neuen Buch geht es um die Taten und Absichten einer selbsternannten Gruppe namens \u201edie Griechen der f\u00fcnfziger Jahre\u201c, der mit Drohbriefen und auch durchgef\u00fchrten Morden erreichen will, dass nicht nur die Politik \u201czur\u00fcck auf Start\u201c geht und f\u00fcr mehr Gerechtigkeit im Lande sorgt und der Korruption endlich den Kampf ansagt. Lange tappen Charitos und seine bew\u00e4hrte Crew wieder im Dunkeln.<br \/>\nDoch auch in seiner eigenen Familie sp\u00fcrt Kostas die dramatischen Folgen der Krise.\u00a0 Der Roman ist 2012 in Griechenland erschienen. Markaris konnte die danach sich entwickelnde Situation also nur erahnen, auch wenn ich nach der Beschreibung der Lage im neuen Roman sicher bin, dass sie ihn nicht \u00fcberrascht. Am Ende l\u00e4sst er seinen Kommissar nachdenklich sagen: \u201eIhr muss klar geworden sein, dass das Land nicht zu retten ist, auch nicht von Albanern, die die Uhr zur\u00fcckdrehen wollen. Griechenland mag unsterblich sein, wie es in unserer Nationalhymne hei\u00df, aber es ver\u00e4ndert sich auch nicht, und schon gar nicht zum Guten.\u201c<\/p>\n<p>&nbsp;<\/p>\n<p>Ein Schwerpunkt des neuen Roman bildet die Politik und der Einfluss der neonazistischen Partei der \u201eGoldenen Morgenr\u00f6te\u201c und ihr R\u00fcckhalt bis in die h\u00f6chsten Ebenen der Polizei<\/p>\n<p>&nbsp;<br \/>\nEs gelingt Petros Markaris wieder einmal auf ganz besondere Weise, nicht nur einen spannenden und originellen Krimi in seiner durchweg empfehlenswerten Reihe vorzulegen, sondern er schafft es, dem deutschen Leser ein zwar fiktionales, deshalb aber nicht weniger realistisches Bild von der Situation und der Not der Menschen in Griechenland zu vermitteln. Sie wissen, dass sie selbst an der Ursache der Misere beteiligt waren, aber sie wissen nun in ihrer zum Teil dramatischen Not nicht mehr aus noch ein.<\/p>\n<p>&nbsp;<\/p>\n<p>Und eine politikunf\u00e4hige Regierung aus Ideologen und Fanatikern tut ihr \u00dcbriges.<\/p>\n<p>&nbsp;<\/p>\n<p>&nbsp;<\/p>\n","protected":false},"excerpt":{"rendered":"<p>&nbsp; Petros Markaris, Zur\u00fcck auf Start, Diogenes 2016, ISBN 978-3-257-24380-2 &nbsp; Nat\u00fcrlich hat sich Petros Markaris, der insbesondere in Deutschland in den letzten Jahren durch differenzierte Stellungnahmen zur finanziellen Situation seiner Heimatlandes Griechenland, deren Ursachen und m\u00f6glichen L\u00f6sungen aufgefallen ist, auch in seinem neuen Fall f\u00fcr seinen Kommissar Kostas Charitos mit den Folgen der Finanzkrise &hellip; <a href=\"https:\/\/blog.liesdoch.de\/?p=2864\" class=\"more-link\"><span class=\"screen-reader-text\">Zur\u00fcck auf Start<\/span> weiterlesen <span class=\"meta-nav\">&rarr;<\/span><\/a><\/p>\n","protected":false},"author":6,"featured_media":0,"comment_status":"open","ping_status":"open","sticky":false,"template":"","format":"standard","meta":{"footnotes":""},"categories":[1],"tags":[],"class_list":["post-2864","post","type-post","status-publish","format-standard","hentry","category-allgemein"],"_links":{"self":[{"href":"https:\/\/blog.liesdoch.de\/index.php?rest_route=\/wp\/v2\/posts\/2864","targetHints":{"allow":["GET"]}}],"collection":[{"href":"https:\/\/blog.liesdoch.de\/index.php?rest_route=\/wp\/v2\/posts"}],"about":[{"href":"https:\/\/blog.liesdoch.de\/index.php?rest_route=\/wp\/v2\/types\/post"}],"author":[{"embeddable":true,"href":"https:\/\/blog.liesdoch.de\/index.php?rest_route=\/wp\/v2\/users\/6"}],"replies":[{"embeddable":true,"href":"https:\/\/blog.liesdoch.de\/index.php?rest_route=%2Fwp%2Fv2%2Fcomments&post=2864"}],"version-history":[{"count":1,"href":"https:\/\/blog.liesdoch.de\/index.php?rest_route=\/wp\/v2\/posts\/2864\/revisions"}],"predecessor-version":[{"id":2866,"href":"https:\/\/blog.liesdoch.de\/index.php?rest_route=\/wp\/v2\/posts\/2864\/revisions\/2866"}],"wp:attachment":[{"href":"https:\/\/blog.liesdoch.de\/index.php?rest_route=%2Fwp%2Fv2%2Fmedia&parent=2864"}],"wp:term":[{"taxonomy":"category","embeddable":true,"href":"https:\/\/blog.liesdoch.de\/index.php?rest_route=%2Fwp%2Fv2%2Fcategories&post=2864"},{"taxonomy":"post_tag","embeddable":true,"href":"https:\/\/blog.liesdoch.de\/index.php?rest_route=%2Fwp%2Fv2%2Ftags&post=2864"}],"curies":[{"name":"wp","href":"https:\/\/api.w.org\/{rel}","templated":true}]}}