{"id":3014,"date":"2016-11-17T09:44:43","date_gmt":"2016-11-17T07:44:43","guid":{"rendered":"http:\/\/blog.liesdoch.de\/?p=3014"},"modified":"2016-11-17T09:44:43","modified_gmt":"2016-11-17T07:44:43","slug":"elvis-und-der-mann-mit-dem-roten-mantel","status":"publish","type":"post","link":"https:\/\/blog.liesdoch.de\/?p=3014","title":{"rendered":"Elvis und der Mann mit dem roten Mantel"},"content":{"rendered":"<p>&nbsp;<\/p>\n<p>&nbsp;<\/p>\n<p>&nbsp;<\/p>\n<p><a href=\"http:\/\/blog.liesdoch.de\/wp-content\/uploads\/2016\/11\/44882359z.jpg\"><img loading=\"lazy\" decoding=\"async\" class=\"alignnone size-medium wp-image-3015\" src=\"http:\/\/blog.liesdoch.de\/wp-content\/uploads\/2016\/11\/44882359z-298x300.jpg\" alt=\"44882359z\" width=\"298\" height=\"300\" srcset=\"https:\/\/blog.liesdoch.de\/wp-content\/uploads\/2016\/11\/44882359z-298x300.jpg 298w, https:\/\/blog.liesdoch.de\/wp-content\/uploads\/2016\/11\/44882359z-150x150.jpg 150w, https:\/\/blog.liesdoch.de\/wp-content\/uploads\/2016\/11\/44882359z.jpg 472w\" sizes=\"auto, (max-width: 298px) 100vw, 298px\" \/><\/a><\/p>\n<p>&nbsp;<\/p>\n<p>&nbsp;<\/p>\n<p>Ole K\u00f6nnecke, Elvis und der Mann mit dem roten Mantel, Hanser 2016, ISBN 978-3-446-25314-8<\/p>\n<p>&nbsp;<\/p>\n<p>Im Jahr 2001 erschien dieses urkomische Weihnachtsbuch f\u00fcr Kinder und Erwachsene des damals noch etwas weniger bekannten Zeichners Ole K\u00f6nnecke. Nun hat der Hanser Verlag eine preiswerte Neuausgabe ver\u00f6ffentlicht.<\/p>\n<p>&nbsp;<\/p>\n<p>Mit witzigen Bildern illustriert erz\u00e4hlt K\u00f6nnecke die Geschichte von Elvis, wie der Name schon sagt, ein gro\u00dfer Fan entsprechender Musik. Er lebt mit seinem vergesslichen Gro\u00dfvater und besitzt eine Werkstatt. Doch heute an Weihnachten, bleibt diese geschlossen.<\/p>\n<p>&nbsp;<\/p>\n<p>Elvis bringt sich und den Gro\u00dfvater gerade mit Musik in Stimmung, als der Strom ausf\u00e4llt und ein Mann vor der T\u00fcr steht. Er tr\u00e4gt einen roten Mantel und bittet um Hilfe. Er hat mit seinem vollbeladenen Schlitten gerade einen Strommast dem Erdboden gleichgemacht und sein Schlitten ist deshalb fahrunt\u00fcchtig.<\/p>\n<p>&nbsp;<\/p>\n<p>Elvis versteht nicht, warum der Mann an Weihnachten arbeitet. Und nun will der auch noch, dass Elvis seinen Schlitten repariert! Eine gro\u00dfe Aufregung bricht aus, doch alles kommt zu einen guten Ende.<\/p>\n<p>&nbsp;<\/p>\n<p>\u201eElvis und der Mann mit dem roten Mantel\u201c ist eine urkomische Gesichte, die Erwachsenen und Kindern gleicherma\u00dfen eine etwas andere Vorweihnachtslekt\u00fcre beschert.<\/p>\n<p>&nbsp;<\/p>\n<p>&nbsp;<\/p>\n<p>&nbsp;<\/p>\n","protected":false},"excerpt":{"rendered":"<p>&nbsp; &nbsp; &nbsp; &nbsp; &nbsp; Ole K\u00f6nnecke, Elvis und der Mann mit dem roten Mantel, Hanser 2016, ISBN 978-3-446-25314-8 &nbsp; Im Jahr 2001 erschien dieses urkomische Weihnachtsbuch f\u00fcr Kinder und Erwachsene des damals noch etwas weniger bekannten Zeichners Ole K\u00f6nnecke. Nun hat der Hanser Verlag eine preiswerte Neuausgabe ver\u00f6ffentlicht. &nbsp; Mit witzigen Bildern illustriert erz\u00e4hlt &hellip; <a href=\"https:\/\/blog.liesdoch.de\/?p=3014\" class=\"more-link\"><span class=\"screen-reader-text\">Elvis und der Mann mit dem roten Mantel<\/span> weiterlesen <span class=\"meta-nav\">&rarr;<\/span><\/a><\/p>\n","protected":false},"author":6,"featured_media":0,"comment_status":"open","ping_status":"open","sticky":false,"template":"","format":"standard","meta":{"footnotes":""},"categories":[1],"tags":[],"class_list":["post-3014","post","type-post","status-publish","format-standard","hentry","category-allgemein"],"_links":{"self":[{"href":"https:\/\/blog.liesdoch.de\/index.php?rest_route=\/wp\/v2\/posts\/3014","targetHints":{"allow":["GET"]}}],"collection":[{"href":"https:\/\/blog.liesdoch.de\/index.php?rest_route=\/wp\/v2\/posts"}],"about":[{"href":"https:\/\/blog.liesdoch.de\/index.php?rest_route=\/wp\/v2\/types\/post"}],"author":[{"embeddable":true,"href":"https:\/\/blog.liesdoch.de\/index.php?rest_route=\/wp\/v2\/users\/6"}],"replies":[{"embeddable":true,"href":"https:\/\/blog.liesdoch.de\/index.php?rest_route=%2Fwp%2Fv2%2Fcomments&post=3014"}],"version-history":[{"count":1,"href":"https:\/\/blog.liesdoch.de\/index.php?rest_route=\/wp\/v2\/posts\/3014\/revisions"}],"predecessor-version":[{"id":3016,"href":"https:\/\/blog.liesdoch.de\/index.php?rest_route=\/wp\/v2\/posts\/3014\/revisions\/3016"}],"wp:attachment":[{"href":"https:\/\/blog.liesdoch.de\/index.php?rest_route=%2Fwp%2Fv2%2Fmedia&parent=3014"}],"wp:term":[{"taxonomy":"category","embeddable":true,"href":"https:\/\/blog.liesdoch.de\/index.php?rest_route=%2Fwp%2Fv2%2Fcategories&post=3014"},{"taxonomy":"post_tag","embeddable":true,"href":"https:\/\/blog.liesdoch.de\/index.php?rest_route=%2Fwp%2Fv2%2Ftags&post=3014"}],"curies":[{"name":"wp","href":"https:\/\/api.w.org\/{rel}","templated":true}]}}