{"id":3018,"date":"2016-11-17T10:27:53","date_gmt":"2016-11-17T08:27:53","guid":{"rendered":"http:\/\/blog.liesdoch.de\/?p=3018"},"modified":"2016-11-17T10:27:53","modified_gmt":"2016-11-17T08:27:53","slug":"djadi-fluechtlingsjunge","status":"publish","type":"post","link":"https:\/\/blog.liesdoch.de\/?p=3018","title":{"rendered":"Djadi, Fl\u00fcchtlingsjunge"},"content":{"rendered":"<p>&nbsp;<\/p>\n<p>&nbsp;<\/p>\n<p>&nbsp;<\/p>\n<p><a href=\"http:\/\/blog.liesdoch.de\/wp-content\/uploads\/2016\/11\/44851558z.jpg\"><img loading=\"lazy\" decoding=\"async\" class=\"alignnone size-medium wp-image-3019\" src=\"http:\/\/blog.liesdoch.de\/wp-content\/uploads\/2016\/11\/44851558z-213x300.jpg\" alt=\"44851558z\" width=\"213\" height=\"300\" srcset=\"https:\/\/blog.liesdoch.de\/wp-content\/uploads\/2016\/11\/44851558z-213x300.jpg 213w, https:\/\/blog.liesdoch.de\/wp-content\/uploads\/2016\/11\/44851558z.jpg 338w\" sizes=\"auto, (max-width: 213px) 100vw, 213px\" \/><\/a><\/p>\n<p>&nbsp;<\/p>\n<p>Peter H\u00e4rtling, Djadi, Fl\u00fcchtlingsjunge, Beltz &amp; Gelberg 2016, ISBN 978-3-407-82164-5<\/p>\n<p>&nbsp;<\/p>\n<p>Viele Menschen erinnern sich noch gut an das traurige Bild des kleinen Fl\u00fcchtlingsjungen, der im letzten Jahr an der K\u00fcste der T\u00fcrkei tot angesp\u00fclt und gefunden worden war.\u00a0 Dies war nach eigener Aussage der Augenblick, als der 1933 geborene Romanschriftsteller und Autor zahlreicher Kinder-und Jugendb\u00fccher, Peter H\u00e4rtling, den Entschluss fasste, diese Thematik in einem Buch f\u00fcr Kinder zu verarbeiten.<\/p>\n<p>&nbsp;<\/p>\n<p>Selbst als Kind auf der Flucht gewesen nach dem Ende des Zweiten Weltkriegs, wei\u00df er genau, was in solchen Kindern vor sich geht, aber auch was man anderen Kindern, die ein Zuhause und Eltern haben, zumuten kann.<\/p>\n<p>&nbsp;<\/p>\n<p>Als eine Art Spiegelbild der Generationen erfindet er eine Wohngemeinschaft in Frankfurt, die schon seit vielen Jahren zusammen wohnt und in der Wladi der \u00e4lteste ist. Er ist sozusagen eine Art Alter Ego des Autors und versucht, in der Gruppe immer wieder zu vermitteln und zu erkl\u00e4ren.<\/p>\n<p>&nbsp;<\/p>\n<p>Das ist besonders n\u00f6tig, als Jan, der bei Jugendhilfe arbeitet, eines Tages einen f\u00fcr sein Alter sehr kleinen elfj\u00e4hrigen Jungen aus Syrien mit in die Wohnung bringt, den er dort getroffen hat:<\/p>\n<p>\u201eEr ist mutterseelenallein angekommen. Begleitet von einem alten Mann, der ihn schnell loswerden wollte. Er hat seine Eltern verloren. Von Geschwistern keine Spur. Ich nehme an, die anderen haben ihn aus Mitleid mitgeschleppt.\u201c<\/p>\n<p>&nbsp;<\/p>\n<p>Detlef und Gisela, die in der gro\u00dfen Wohnung ein gemeinsames Steuerb\u00fcro betreiben, Dorothea, die Frau von Jan, Kordula und der alte Wladi zeigen sich nach einem ersten Z\u00f6gern einverstanden damit, dass Djadi, so hei\u00dft der Junge, unter der Betreuung von Jan und Dorothea in die WG aufgenommen wird.<\/p>\n<p>&nbsp;<\/p>\n<p>Zun\u00e4chst bleibt der Junge stumm. Doch langsam lebt er sich ein, nachdem Jan alle Formalit\u00e4ten erledigt hat und auch mit ihm beim Arzt war.<\/p>\n<p>&nbsp;<\/p>\n<p>Vor allem der alte Wladi ist es, der dem Jungen hilft, die neue Welt jeden Tag ein wenig kennenzulernen. Als er irgendwann in eine Schule geht, ist er mit vielen Problemen konfrontiert. Ablehnung deutscher Sch\u00fcler, aber auch neue Freundschaften.<\/p>\n<p>&nbsp;<\/p>\n<p>Ein gemeinsamer Urlaub der WG an der Ostsee tut ihm gut, doch dann wird Wladi sehr krank und Djadi steht\u00a0 vor einem erneuten gro\u00dfen Verlust. Und er findet f\u00fcr seine Trauer, auch um seine Eltern, ein Ritual, das ihm hilft.<\/p>\n<p>&nbsp;<\/p>\n<p>Der neue Roman von Peter H\u00e4rtling ist eine eindringlich und doch voller Hoffnung und Zuversicht erz\u00e4hlte Geschichte eines Fl\u00fcchtlingskindes, f\u00fcr Grundschulkinder\u00a0 ab der 3. Klasse und Erwachsene gleicherma\u00dfen geeignet.<\/p>\n<p>&nbsp;<\/p>\n<p>Im M\u00e4rz 2017 erscheint zu diesem Buch ein 32 seitiges Lehrerhandbuch f\u00fcr den Einsatz des Romans im Unterricht. Es ist zu hoffen, dass sich viele Lehrkr\u00e4fte dazu entschlie\u00dfen werden.<\/p>\n","protected":false},"excerpt":{"rendered":"<p>&nbsp; &nbsp; &nbsp; &nbsp; Peter H\u00e4rtling, Djadi, Fl\u00fcchtlingsjunge, Beltz &amp; Gelberg 2016, ISBN 978-3-407-82164-5 &nbsp; Viele Menschen erinnern sich noch gut an das traurige Bild des kleinen Fl\u00fcchtlingsjungen, der im letzten Jahr an der K\u00fcste der T\u00fcrkei tot angesp\u00fclt und gefunden worden war.\u00a0 Dies war nach eigener Aussage der Augenblick, als der 1933 geborene Romanschriftsteller &hellip; <a href=\"https:\/\/blog.liesdoch.de\/?p=3018\" class=\"more-link\"><span class=\"screen-reader-text\">Djadi, Fl\u00fcchtlingsjunge<\/span> weiterlesen <span class=\"meta-nav\">&rarr;<\/span><\/a><\/p>\n","protected":false},"author":6,"featured_media":0,"comment_status":"open","ping_status":"open","sticky":false,"template":"","format":"standard","meta":{"footnotes":""},"categories":[1],"tags":[],"class_list":["post-3018","post","type-post","status-publish","format-standard","hentry","category-allgemein"],"_links":{"self":[{"href":"https:\/\/blog.liesdoch.de\/index.php?rest_route=\/wp\/v2\/posts\/3018","targetHints":{"allow":["GET"]}}],"collection":[{"href":"https:\/\/blog.liesdoch.de\/index.php?rest_route=\/wp\/v2\/posts"}],"about":[{"href":"https:\/\/blog.liesdoch.de\/index.php?rest_route=\/wp\/v2\/types\/post"}],"author":[{"embeddable":true,"href":"https:\/\/blog.liesdoch.de\/index.php?rest_route=\/wp\/v2\/users\/6"}],"replies":[{"embeddable":true,"href":"https:\/\/blog.liesdoch.de\/index.php?rest_route=%2Fwp%2Fv2%2Fcomments&post=3018"}],"version-history":[{"count":1,"href":"https:\/\/blog.liesdoch.de\/index.php?rest_route=\/wp\/v2\/posts\/3018\/revisions"}],"predecessor-version":[{"id":3020,"href":"https:\/\/blog.liesdoch.de\/index.php?rest_route=\/wp\/v2\/posts\/3018\/revisions\/3020"}],"wp:attachment":[{"href":"https:\/\/blog.liesdoch.de\/index.php?rest_route=%2Fwp%2Fv2%2Fmedia&parent=3018"}],"wp:term":[{"taxonomy":"category","embeddable":true,"href":"https:\/\/blog.liesdoch.de\/index.php?rest_route=%2Fwp%2Fv2%2Fcategories&post=3018"},{"taxonomy":"post_tag","embeddable":true,"href":"https:\/\/blog.liesdoch.de\/index.php?rest_route=%2Fwp%2Fv2%2Ftags&post=3018"}],"curies":[{"name":"wp","href":"https:\/\/api.w.org\/{rel}","templated":true}]}}