{"id":3026,"date":"2016-11-17T14:30:10","date_gmt":"2016-11-17T12:30:10","guid":{"rendered":"http:\/\/blog.liesdoch.de\/?p=3026"},"modified":"2016-11-17T14:30:10","modified_gmt":"2016-11-17T12:30:10","slug":"das-paket","status":"publish","type":"post","link":"https:\/\/blog.liesdoch.de\/?p=3026","title":{"rendered":"Das Paket"},"content":{"rendered":"<p>&nbsp;<\/p>\n<p>&nbsp;<\/p>\n<p><a href=\"http:\/\/blog.liesdoch.de\/wp-content\/uploads\/2016\/11\/44208248z.jpg\"><img loading=\"lazy\" decoding=\"async\" class=\"alignnone size-medium wp-image-3027\" src=\"http:\/\/blog.liesdoch.de\/wp-content\/uploads\/2016\/11\/44208248z-195x300.jpg\" alt=\"44208248z\" width=\"195\" height=\"300\" srcset=\"https:\/\/blog.liesdoch.de\/wp-content\/uploads\/2016\/11\/44208248z-195x300.jpg 195w, https:\/\/blog.liesdoch.de\/wp-content\/uploads\/2016\/11\/44208248z.jpg 309w\" sizes=\"auto, (max-width: 195px) 100vw, 195px\" \/><\/a><\/p>\n<p>Sebastian Fitzek, Das Paket, Droemer 2016, ISBN 978-3-426-19920-6<\/p>\n<p>&nbsp;<\/p>\n<p>Der neue Roman von Sebastian Fitzek hat es wieder in sich. So wie die Hauptfigur des Buches, die junge Psychiaterin Emma Stein, eines Tages ein Paket f\u00fcr einen Nachbarn annimmt, erh\u00e4lt der K\u00e4ufer des Buches eine Art Paket, in dem das Buch verpackt ist. Das allein ist schon eine tolle Idee, die Fitzek selbst entwickelt und gestaltet hat.<\/p>\n<p>&nbsp;<\/p>\n<p>Das Paket erh\u00e4lt Emma Stein, als sie schon l\u00e4ngst nicht mehr arbeitet. Als drittes Opfer eines Psychopathen, den die Presse \u201eden Friseur\u201c nennt, weil er seinen weiblichen Opfern die Haare auf dem Kopf abrasiert, bevor er sie t\u00f6tet, ist sie nach einem gewagten Vortrag, den sie vor einer Versammlung von Psychiatern gehalten hat, danach in ihrem Hotelzimmer vergewaltigt worden.<\/p>\n<p>&nbsp;<\/p>\n<p>Doch sie wurde im Gegensatz zu den anderen Opfern am Leben gelassen. Warum? Wird der T\u00e4ter wiederkommen, um sie zu t\u00f6ten? V\u00f6llig paranoid geworden, h\u00e4lt sie jeden Mann, der auch nur in ihre N\u00e4he kommt, f\u00fcr den T\u00e4ter. Ihr Partner Philipp, der als Profiler bei der Polizei arbeitet, hilft ihr und unterst\u00fctzt sie so gut er kann.<\/p>\n<p>&nbsp;<\/p>\n<p>Immer wieder kommen ihr Bilder in den Sinn aus ihrer Kindheit, als sie glaubte, da sei jemand in ihrem Zimmer, den sie dann Arthur nannte. Sie dachte, von dieser Paranoia sei sie schon als Jugendliche geheilt worden\u2026.<\/p>\n<p>&nbsp;<\/p>\n<p>Wie viele andere B\u00fccher von Sebastian Fitzek ist auch das neue ein pageturner. Man legt es nicht zur Seite bis man \u2013 mit immer wieder neuen, nicht f\u00fcr m\u00f6glich gehaltenen Wendungen konfrontiert- bis zur letzten Seite in einem fast unertr\u00e4glichen Spannungszustand gehalten wird.<\/p>\n<p>&nbsp;<\/p>\n<p>Fitzek verf\u00fchrt den Leser, er f\u00fchrt ihn auf Spuren, die dann im Nichts verlaufen. Es ist schwer, die einzelnen B\u00fccher von ihm zu vergleichen. Aber als ich ans Ende gelangt war, hatte ich den Eindruck, ich h\u00e4tte schon bessere Thriller von ihm gelesen.<\/p>\n","protected":false},"excerpt":{"rendered":"<p>&nbsp; &nbsp; Sebastian Fitzek, Das Paket, Droemer 2016, ISBN 978-3-426-19920-6 &nbsp; Der neue Roman von Sebastian Fitzek hat es wieder in sich. So wie die Hauptfigur des Buches, die junge Psychiaterin Emma Stein, eines Tages ein Paket f\u00fcr einen Nachbarn annimmt, erh\u00e4lt der K\u00e4ufer des Buches eine Art Paket, in dem das Buch verpackt ist. &hellip; <a href=\"https:\/\/blog.liesdoch.de\/?p=3026\" class=\"more-link\"><span class=\"screen-reader-text\">Das Paket<\/span> weiterlesen <span class=\"meta-nav\">&rarr;<\/span><\/a><\/p>\n","protected":false},"author":6,"featured_media":0,"comment_status":"open","ping_status":"open","sticky":false,"template":"","format":"standard","meta":{"footnotes":""},"categories":[1],"tags":[],"class_list":["post-3026","post","type-post","status-publish","format-standard","hentry","category-allgemein"],"_links":{"self":[{"href":"https:\/\/blog.liesdoch.de\/index.php?rest_route=\/wp\/v2\/posts\/3026","targetHints":{"allow":["GET"]}}],"collection":[{"href":"https:\/\/blog.liesdoch.de\/index.php?rest_route=\/wp\/v2\/posts"}],"about":[{"href":"https:\/\/blog.liesdoch.de\/index.php?rest_route=\/wp\/v2\/types\/post"}],"author":[{"embeddable":true,"href":"https:\/\/blog.liesdoch.de\/index.php?rest_route=\/wp\/v2\/users\/6"}],"replies":[{"embeddable":true,"href":"https:\/\/blog.liesdoch.de\/index.php?rest_route=%2Fwp%2Fv2%2Fcomments&post=3026"}],"version-history":[{"count":1,"href":"https:\/\/blog.liesdoch.de\/index.php?rest_route=\/wp\/v2\/posts\/3026\/revisions"}],"predecessor-version":[{"id":3028,"href":"https:\/\/blog.liesdoch.de\/index.php?rest_route=\/wp\/v2\/posts\/3026\/revisions\/3028"}],"wp:attachment":[{"href":"https:\/\/blog.liesdoch.de\/index.php?rest_route=%2Fwp%2Fv2%2Fmedia&parent=3026"}],"wp:term":[{"taxonomy":"category","embeddable":true,"href":"https:\/\/blog.liesdoch.de\/index.php?rest_route=%2Fwp%2Fv2%2Fcategories&post=3026"},{"taxonomy":"post_tag","embeddable":true,"href":"https:\/\/blog.liesdoch.de\/index.php?rest_route=%2Fwp%2Fv2%2Ftags&post=3026"}],"curies":[{"name":"wp","href":"https:\/\/api.w.org\/{rel}","templated":true}]}}