{"id":3042,"date":"2016-11-21T14:15:51","date_gmt":"2016-11-21T12:15:51","guid":{"rendered":"http:\/\/blog.liesdoch.de\/?p=3042"},"modified":"2016-11-21T14:15:51","modified_gmt":"2016-11-21T12:15:51","slug":"freude-ist-ein-geschenk","status":"publish","type":"post","link":"https:\/\/blog.liesdoch.de\/?p=3042","title":{"rendered":"Freude ist ein Geschenk"},"content":{"rendered":"<p>&nbsp;<\/p>\n<p>&nbsp;<\/p>\n<p><a href=\"http:\/\/blog.liesdoch.de\/wp-content\/uploads\/2016\/11\/44956141z.jpg\"><img loading=\"lazy\" decoding=\"async\" class=\"alignnone size-medium wp-image-3043\" src=\"http:\/\/blog.liesdoch.de\/wp-content\/uploads\/2016\/11\/44956141z-182x300.jpg\" alt=\"44956141z\" width=\"182\" height=\"300\" srcset=\"https:\/\/blog.liesdoch.de\/wp-content\/uploads\/2016\/11\/44956141z-182x300.jpg 182w, https:\/\/blog.liesdoch.de\/wp-content\/uploads\/2016\/11\/44956141z.jpg 289w\" sizes=\"auto, (max-width: 182px) 100vw, 182px\" \/><\/a><\/p>\n<p>Papst Franziskus, Freude ist ein Geschenk, Herder 2016, ISBN 978-3-451-37558-3<\/p>\n<p>&nbsp;<\/p>\n<p>Zum achtzigsten Geburtstag von Papst Franziskus hat Simon Biallowons f\u00fcr den Herder Verlag ein kleines Geschenkb\u00fcchlein gemacht mit vielen Bildern aus dem Alltag eines fr\u00f6hlichen Papstes. Eines Menschen, der \u00fcber die Freude sagt: \u201eDie Freude ist ein Geschenk des Herrn, sie erf\u00fcllt uns von innen her. Es ist wie eine Salbung durch den Heiligen Geist.\u201c<\/p>\n<p>&nbsp;<\/p>\n<p>L\u00e4ngere Zitate aus seinen Schriften und Predigten, Anekdoten und Geschichten aus seinen ersten Jahren als Papst zeigen einen Menschen, der die Freude der Botschaft der Liebe Gottes zu den Menschen lebt und zeigt.<\/p>\n<p>&nbsp;<\/p>\n<p>Der wichtigste Satz f\u00fcr mich in diesem sch\u00f6nen B\u00fcchlein: \u201eIn der F\u00e4higkeit des Zuh\u00f6rens steckt die Wurzel f\u00fcr Frieden.\u201c<\/p>\n","protected":false},"excerpt":{"rendered":"<p>&nbsp; &nbsp; Papst Franziskus, Freude ist ein Geschenk, Herder 2016, ISBN 978-3-451-37558-3 &nbsp; Zum achtzigsten Geburtstag von Papst Franziskus hat Simon Biallowons f\u00fcr den Herder Verlag ein kleines Geschenkb\u00fcchlein gemacht mit vielen Bildern aus dem Alltag eines fr\u00f6hlichen Papstes. Eines Menschen, der \u00fcber die Freude sagt: \u201eDie Freude ist ein Geschenk des Herrn, sie erf\u00fcllt &hellip; <a href=\"https:\/\/blog.liesdoch.de\/?p=3042\" class=\"more-link\"><span class=\"screen-reader-text\">Freude ist ein Geschenk<\/span> weiterlesen <span class=\"meta-nav\">&rarr;<\/span><\/a><\/p>\n","protected":false},"author":6,"featured_media":0,"comment_status":"open","ping_status":"open","sticky":false,"template":"","format":"standard","meta":{"footnotes":""},"categories":[1],"tags":[],"class_list":["post-3042","post","type-post","status-publish","format-standard","hentry","category-allgemein"],"_links":{"self":[{"href":"https:\/\/blog.liesdoch.de\/index.php?rest_route=\/wp\/v2\/posts\/3042","targetHints":{"allow":["GET"]}}],"collection":[{"href":"https:\/\/blog.liesdoch.de\/index.php?rest_route=\/wp\/v2\/posts"}],"about":[{"href":"https:\/\/blog.liesdoch.de\/index.php?rest_route=\/wp\/v2\/types\/post"}],"author":[{"embeddable":true,"href":"https:\/\/blog.liesdoch.de\/index.php?rest_route=\/wp\/v2\/users\/6"}],"replies":[{"embeddable":true,"href":"https:\/\/blog.liesdoch.de\/index.php?rest_route=%2Fwp%2Fv2%2Fcomments&post=3042"}],"version-history":[{"count":1,"href":"https:\/\/blog.liesdoch.de\/index.php?rest_route=\/wp\/v2\/posts\/3042\/revisions"}],"predecessor-version":[{"id":3044,"href":"https:\/\/blog.liesdoch.de\/index.php?rest_route=\/wp\/v2\/posts\/3042\/revisions\/3044"}],"wp:attachment":[{"href":"https:\/\/blog.liesdoch.de\/index.php?rest_route=%2Fwp%2Fv2%2Fmedia&parent=3042"}],"wp:term":[{"taxonomy":"category","embeddable":true,"href":"https:\/\/blog.liesdoch.de\/index.php?rest_route=%2Fwp%2Fv2%2Fcategories&post=3042"},{"taxonomy":"post_tag","embeddable":true,"href":"https:\/\/blog.liesdoch.de\/index.php?rest_route=%2Fwp%2Fv2%2Ftags&post=3042"}],"curies":[{"name":"wp","href":"https:\/\/api.w.org\/{rel}","templated":true}]}}