{"id":306,"date":"2015-07-15T10:26:53","date_gmt":"2015-07-15T08:26:53","guid":{"rendered":"http:\/\/blog.liesdoch.de\/?p=306"},"modified":"2015-07-15T10:26:53","modified_gmt":"2015-07-15T08:26:53","slug":"krieg-der-generationen","status":"publish","type":"post","link":"https:\/\/blog.liesdoch.de\/?p=306","title":{"rendered":"Krieg der Generationen"},"content":{"rendered":"<p>&nbsp;<\/p>\n<p>&nbsp;<\/p>\n<p><a href=\"http:\/\/blog.liesdoch.de\/wp-content\/uploads\/2015\/07\/41718928z.jpg\"><img loading=\"lazy\" decoding=\"async\" class=\"alignnone size-medium wp-image-307\" src=\"http:\/\/blog.liesdoch.de\/wp-content\/uploads\/2015\/07\/41718928z-186x300.jpg\" alt=\"41718928z\" width=\"186\" height=\"300\" srcset=\"https:\/\/blog.liesdoch.de\/wp-content\/uploads\/2015\/07\/41718928z-186x300.jpg 186w, https:\/\/blog.liesdoch.de\/wp-content\/uploads\/2015\/07\/41718928z.jpg 295w\" sizes=\"auto, (max-width: 186px) 100vw, 186px\" \/><\/a><\/p>\n<p>&nbsp;<\/p>\n<p>Michael Opoczynski, Krieg der Generationen, G\u00fctersloher Verlagshaus 2015, ISBN 978-3-579-06618-9<\/p>\n<p>&nbsp;<\/p>\n<p>Eine engagierte und stellenweise zornige Streitschrift legt der ehemalige Leiter der ZDF- Wirtschaftsredaktionund Moderator der Sendung WISO, Michael Opoczynski unter dem Titel \u201eKrieg der Generationen\u201c vor. Es ist eine Streitschrift, in der er heftig gegen die Gleichg\u00fcltigkeit der Alten polemisiert, die sehenden Auges die gr\u00f6\u00dften Katastrophen in der Geschichte des Planten heraufbeschworen haben. Sie haben innerhalb weniger Jahrzehnte das Werk von Generationen vernichtet, und hinterlassen ihren Kindern und Enkeln eine Wirklichkeit, wie sie selber niemals erleben mussten.<\/p>\n<p>\u201eWir d\u00fcrfen nicht die Generation der Heuschrecken sein\u201c, schreibt er leidenschaftlich, \u201edie frisst, was ihr unterkommt, und sich nicht schert, was nach ihr kommt. Wenn unsere Nachfahren in einer unmenschlichen Welt leben m\u00fcssen, sind wir schuld.\u201c<\/p>\n<p>Besonders an die in der Regel sehr gut situierten Rentner und Pension\u00e4re geht sein Appell, nicht ihr ganzes Geld f\u00fcr teure Urlaube und exklusive Autos zu verjubeln. \u201eSie k\u00f6nnen sich und ihre Leistungsf\u00e4higkeit in Projekte einbringen, die N\u00e4he herstellen zwischen Jung und Alt.\u201c<\/p>\n<p>Und er fordert jeden Einzelnen auf: \u201eLasst uns den Generationenkrieg beenden. Und der Jugend dabei helfen, neue Wege zu gehen. Das wird unbequem f\u00fcr uns vermeintliche Sieger, die wir im Schaukelstuhl wippen und es uns gut gehen lassen.\u201c<\/p>\n<p>Viele Menschen \u00fcber 60 leben weit entfernt von ihren Kindern und Enkeln und leiden darunter. K\u00f6nnten sie das, was sie denen gerne geben w\u00fcrden, nicht auch anderen Kindern in ihrem Ort geben, in Kitas, Vereinen oder der Nachbarschaft?<\/p>\n<p>Ich stimme dem Autor zu, wenn er die Hoffnung \u00e4u\u00dfert, das es noch eine gute Zukunft f\u00fcr alle geben kann, wenn Alt und Jung gemeinsam den Blick sch\u00e4rfen f\u00fcr die Aufgaben der Gegenwart.<\/p>\n","protected":false},"excerpt":{"rendered":"<p>&nbsp; &nbsp; &nbsp; Michael Opoczynski, Krieg der Generationen, G\u00fctersloher Verlagshaus 2015, ISBN 978-3-579-06618-9 &nbsp; Eine engagierte und stellenweise zornige Streitschrift legt der ehemalige Leiter der ZDF- Wirtschaftsredaktionund Moderator der Sendung WISO, Michael Opoczynski unter dem Titel \u201eKrieg der Generationen\u201c vor. Es ist eine Streitschrift, in der er heftig gegen die Gleichg\u00fcltigkeit der Alten polemisiert, die &hellip; <a href=\"https:\/\/blog.liesdoch.de\/?p=306\" class=\"more-link\"><span class=\"screen-reader-text\">Krieg der Generationen<\/span> weiterlesen <span class=\"meta-nav\">&rarr;<\/span><\/a><\/p>\n","protected":false},"author":6,"featured_media":0,"comment_status":"open","ping_status":"open","sticky":false,"template":"","format":"standard","meta":{"footnotes":""},"categories":[1],"tags":[125],"class_list":["post-306","post","type-post","status-publish","format-standard","hentry","category-allgemein","tag-generationengerechtigkeit"],"_links":{"self":[{"href":"https:\/\/blog.liesdoch.de\/index.php?rest_route=\/wp\/v2\/posts\/306","targetHints":{"allow":["GET"]}}],"collection":[{"href":"https:\/\/blog.liesdoch.de\/index.php?rest_route=\/wp\/v2\/posts"}],"about":[{"href":"https:\/\/blog.liesdoch.de\/index.php?rest_route=\/wp\/v2\/types\/post"}],"author":[{"embeddable":true,"href":"https:\/\/blog.liesdoch.de\/index.php?rest_route=\/wp\/v2\/users\/6"}],"replies":[{"embeddable":true,"href":"https:\/\/blog.liesdoch.de\/index.php?rest_route=%2Fwp%2Fv2%2Fcomments&post=306"}],"version-history":[{"count":1,"href":"https:\/\/blog.liesdoch.de\/index.php?rest_route=\/wp\/v2\/posts\/306\/revisions"}],"predecessor-version":[{"id":308,"href":"https:\/\/blog.liesdoch.de\/index.php?rest_route=\/wp\/v2\/posts\/306\/revisions\/308"}],"wp:attachment":[{"href":"https:\/\/blog.liesdoch.de\/index.php?rest_route=%2Fwp%2Fv2%2Fmedia&parent=306"}],"wp:term":[{"taxonomy":"category","embeddable":true,"href":"https:\/\/blog.liesdoch.de\/index.php?rest_route=%2Fwp%2Fv2%2Fcategories&post=306"},{"taxonomy":"post_tag","embeddable":true,"href":"https:\/\/blog.liesdoch.de\/index.php?rest_route=%2Fwp%2Fv2%2Ftags&post=306"}],"curies":[{"name":"wp","href":"https:\/\/api.w.org\/{rel}","templated":true}]}}