{"id":3069,"date":"2016-11-23T10:59:51","date_gmt":"2016-11-23T08:59:51","guid":{"rendered":"http:\/\/blog.liesdoch.de\/?p=3069"},"modified":"2016-11-23T10:59:51","modified_gmt":"2016-11-23T08:59:51","slug":"die-neue-voelkerwanderung","status":"publish","type":"post","link":"https:\/\/blog.liesdoch.de\/?p=3069","title":{"rendered":"Die neue V\u00f6lkerwanderung"},"content":{"rendered":"<p>&nbsp;<\/p>\n<p>&nbsp;<\/p>\n<p><a href=\"http:\/\/blog.liesdoch.de\/wp-content\/uploads\/2016\/11\/44990738z.jpg\"><img loading=\"lazy\" decoding=\"async\" class=\"alignnone size-medium wp-image-3070\" src=\"http:\/\/blog.liesdoch.de\/wp-content\/uploads\/2016\/11\/44990738z-188x300.jpg\" alt=\"44990738z\" width=\"188\" height=\"300\" srcset=\"https:\/\/blog.liesdoch.de\/wp-content\/uploads\/2016\/11\/44990738z-188x300.jpg 188w, https:\/\/blog.liesdoch.de\/wp-content\/uploads\/2016\/11\/44990738z.jpg 298w\" sizes=\"auto, (max-width: 188px) 100vw, 188px\" \/><\/a><\/p>\n<p>&nbsp;<\/p>\n<p>Asfa-Wossen Asserate, Die neue V\u00f6lkerwanderung, Propyl\u00e4en 2016, ISBN 978-3-549-07478-7<\/p>\n<p>&nbsp;<\/p>\n<p>War der gro\u00dfe Strom von Fl\u00fcchtlingen, der im vergangenen Jahr nach Europa und hier haupts\u00e4chlich nach Deutschland kam, noch den Konflikten, Kriegen und Notst\u00e4nden in den L\u00e4ndern des Nahen Ostens\u00a0 geschuldet, kommt in der letzten Zeit eine Wanderungsbewegung ungleich gr\u00f6\u00dferen Ausma\u00dfes in den Blick der Gesellschaften in Europa.<\/p>\n<p>&nbsp;<\/p>\n<p>Zun\u00e4chst nur von den Fachleuten wirklich wahrgenommen, haben sich schon Hundertausende von Menschen aus den L\u00e4ndern Afrikas in Richtung Mittelmeer aufgemacht, um von dort mit Booten nach Europa \u00fcberzusetzen. Und t\u00e4glich kommen mehr dazu. Im herk\u00f6mmlichen Jargon werden sie \u201eWirtschaftsfl\u00fcchtlinge\u201c genannt und viele Politiker und Menschen lehnen ihre Aufnahme in ihren L\u00e4ndern ab. Ja, wenn man auf die bevorstehenden Wahlen in \u00d6sterreich, in Frankreich und auch in Deutschland schaut, muss man bef\u00fcrchten, dass es immer mehr werden, die einer vollst\u00e4ndigen Abschottung ihrer L\u00e4nder und Europas das politische Wort reden.<\/p>\n<p>&nbsp;<\/p>\n<p>Als langj\u00e4hriger Afrika-Berater deutscher Unternehmen kennt Prinz Asserate, der Autor des vorliegenden Buches, die Missst\u00e4nde genau. Er beschreibt detailliert die Ursachen. Sein Buch ist ein flammender Appell an die europ\u00e4ische Politik, ihre Afrikapolitik grundlegend zu \u00e4ndern, denn durch westliche Handelsbarrieren und Agrarprotektionen verliert Afrika j\u00e4hrlich das Doppelte dessen, was es an Entwicklungshilfe erh\u00e4lt. \u00a0Es sind gerade die jungen gebildeten Menschen, die ihren L\u00e4ndern den R\u00fccken kehren und gehen, Menschen, die diese L\u00e4nder dringend f\u00fcr ihre Entwicklung br\u00e4uchten.<\/p>\n<p>&nbsp;<\/p>\n<p>Den ehemaligen deutschen Bundespr\u00e4sidenten Horst K\u00f6hler zitierend, der sagte, \u201eEuropa (sei) der Lackmustest,\u00a0 an dem sich Europas Humanit\u00e4t erweist\u201c\u00a0 appelliert Asserate in seinem Buch an die europ\u00e4ischen Staaten, Afrika endlich als gleichberechtigten Partner gerade in wirtschaftlicher Hinsicht zu behandeln, Handelsbarrieren abzubauen, beim Aufbau demokratischer Strukturen zu helfen und so Millionen von fluchtbereiten Afrikanern eine menschenw\u00fcrdige Zukunft auf ihrem eigenen Kontinent zu erm\u00f6glichen.<\/p>\n<p>&nbsp;<\/p>\n<p>\u201eEuropa wird sich nicht abschotten, k\u00f6nnen, wenn es sein Gesicht nicht verlieren will\u201c, schreibt er abschlie\u00dfend in der Hoffnung auf einen Sinneswandel.<\/p>\n<p>&nbsp;<\/p>\n<p>Doch was ist, so gebe ich skeptisch zu bedenken, wenn Europa sein Gesicht schon verloren hat, bzw. mitten dabei ist, es zu tun?\u00a0 Was unter dem Namen Frontex z.B. in der letzten Zeit schon alles an hochger\u00fcsteten Abwehrma\u00dfnahmen ergriffen wurde und die \u00c4u\u00dferung aller ma\u00dfgeblichen Politiker deuten in diese Richtung.<\/p>\n<p>&nbsp;<\/p>\n<p>Doch Asserate sagt, es gibt keine Alternative. Denn die Millionen von fluchtbereiten jungen Afrikaner werden sich auch durch Waffengewalt, Mauern oder Z\u00e4une nicht abhalten lassen\u2026.<\/p>\n<p>&nbsp;<\/p>\n<p>Ich pers\u00f6nlich glaube nicht daran, dass Europa in den n\u00e4chsten Jahren in der Lage sein wird, diese zukunftsweisenden Ver\u00e4nderungen umzusetzen. Man wird weiter auf Abschottung setzen, so wie es rund um die Welt zwischen den Reichen und den Armen immer g\u00e4ngigere Praxis geworden ist.<\/p>\n","protected":false},"excerpt":{"rendered":"<p>&nbsp; &nbsp; &nbsp; Asfa-Wossen Asserate, Die neue V\u00f6lkerwanderung, Propyl\u00e4en 2016, ISBN 978-3-549-07478-7 &nbsp; War der gro\u00dfe Strom von Fl\u00fcchtlingen, der im vergangenen Jahr nach Europa und hier haupts\u00e4chlich nach Deutschland kam, noch den Konflikten, Kriegen und Notst\u00e4nden in den L\u00e4ndern des Nahen Ostens\u00a0 geschuldet, kommt in der letzten Zeit eine Wanderungsbewegung ungleich gr\u00f6\u00dferen Ausma\u00dfes in &hellip; <a href=\"https:\/\/blog.liesdoch.de\/?p=3069\" class=\"more-link\"><span class=\"screen-reader-text\">Die neue V\u00f6lkerwanderung<\/span> weiterlesen <span class=\"meta-nav\">&rarr;<\/span><\/a><\/p>\n","protected":false},"author":6,"featured_media":0,"comment_status":"open","ping_status":"open","sticky":false,"template":"","format":"standard","meta":{"footnotes":""},"categories":[1],"tags":[],"class_list":["post-3069","post","type-post","status-publish","format-standard","hentry","category-allgemein"],"_links":{"self":[{"href":"https:\/\/blog.liesdoch.de\/index.php?rest_route=\/wp\/v2\/posts\/3069","targetHints":{"allow":["GET"]}}],"collection":[{"href":"https:\/\/blog.liesdoch.de\/index.php?rest_route=\/wp\/v2\/posts"}],"about":[{"href":"https:\/\/blog.liesdoch.de\/index.php?rest_route=\/wp\/v2\/types\/post"}],"author":[{"embeddable":true,"href":"https:\/\/blog.liesdoch.de\/index.php?rest_route=\/wp\/v2\/users\/6"}],"replies":[{"embeddable":true,"href":"https:\/\/blog.liesdoch.de\/index.php?rest_route=%2Fwp%2Fv2%2Fcomments&post=3069"}],"version-history":[{"count":1,"href":"https:\/\/blog.liesdoch.de\/index.php?rest_route=\/wp\/v2\/posts\/3069\/revisions"}],"predecessor-version":[{"id":3071,"href":"https:\/\/blog.liesdoch.de\/index.php?rest_route=\/wp\/v2\/posts\/3069\/revisions\/3071"}],"wp:attachment":[{"href":"https:\/\/blog.liesdoch.de\/index.php?rest_route=%2Fwp%2Fv2%2Fmedia&parent=3069"}],"wp:term":[{"taxonomy":"category","embeddable":true,"href":"https:\/\/blog.liesdoch.de\/index.php?rest_route=%2Fwp%2Fv2%2Fcategories&post=3069"},{"taxonomy":"post_tag","embeddable":true,"href":"https:\/\/blog.liesdoch.de\/index.php?rest_route=%2Fwp%2Fv2%2Ftags&post=3069"}],"curies":[{"name":"wp","href":"https:\/\/api.w.org\/{rel}","templated":true}]}}