{"id":3073,"date":"2016-11-23T16:18:34","date_gmt":"2016-11-23T14:18:34","guid":{"rendered":"http:\/\/blog.liesdoch.de\/?p=3073"},"modified":"2016-11-23T16:18:34","modified_gmt":"2016-11-23T14:18:34","slug":"der-atlas-zur-reformation-in-europa","status":"publish","type":"post","link":"https:\/\/blog.liesdoch.de\/?p=3073","title":{"rendered":"Der Atlas zur Reformation in Europa"},"content":{"rendered":"<p>&nbsp;<\/p>\n<p>&nbsp;<\/p>\n<p>&nbsp;<\/p>\n<p><a href=\"http:\/\/blog.liesdoch.de\/wp-content\/uploads\/2016\/11\/44960743z.jpg\"><img loading=\"lazy\" decoding=\"async\" class=\"alignnone size-medium wp-image-3074\" src=\"http:\/\/blog.liesdoch.de\/wp-content\/uploads\/2016\/11\/44960743z-234x300.jpg\" alt=\"44960743z\" width=\"234\" height=\"300\" srcset=\"https:\/\/blog.liesdoch.de\/wp-content\/uploads\/2016\/11\/44960743z-234x300.jpg 234w, https:\/\/blog.liesdoch.de\/wp-content\/uploads\/2016\/11\/44960743z.jpg 371w\" sizes=\"auto, (max-width: 234px) 100vw, 234px\" \/><\/a><\/p>\n<p>Tim Dowley, Der Atlas zur Reformation in Europa, Neukirchener Verlag 1016, ISBN 978-3-7615-6331-1<\/p>\n<p>&nbsp;<\/p>\n<p>\u201eEine Karte ist nicht einfach eine abgemessene Darstellung der Welt. Eine Karte erschlie\u00dft Welten und erschafft Bedeutung. Sie formt eine Br\u00fccke zwischen dem Hier und dem Dort, zwischen zwei ungleichen Gedanken, von denen wir nicht einmal wussten, dass sie zusammengeh\u00f6ren.\u201c<\/p>\n<p>&nbsp;<\/p>\n<p>Dieses Zitat des Schriftstellers Reif Larsen (\u201eDie Karten meiner Tr\u00e4ume\u201c) hat Tim Dowley einem Werk vorangestellt, das er den \u201eAtlas zur Reformation in Europa\u201c genannt hat, und das in dieser Form die erste und einzigartige Form der Erkl\u00e4rung eines Ph\u00e4nomens darstellt, das Europa auf eine bis heute sp\u00fcrbare Form ver\u00e4nderte und das sich 2017 \u00a0zum 500. Mal j\u00e4hrt: die Reformation.<\/p>\n<p>&nbsp;<\/p>\n<p>Es geht um die Urspr\u00fcnge, Hintergr\u00fcnde und die Ausbreitung der Reformation und ihre Folgen f\u00fcr Europa und die ganze Welt. Auch auf die katholische Reform und die Gegenreformation wird eingegangen und die politischen und milit\u00e4rischen Konflikte, die aus diesen theologischen und kirchlichen Ver\u00e4nderungen entstanden sind, werden genau beleuchtet.<\/p>\n<p>&nbsp;<\/p>\n<p>Wer sich vielleicht auch anl\u00e4sslich des Jubil\u00e4ums im kommenden Jahr n\u00e4her\u00a0 mit den Urspr\u00fcngen der Reformation befassen m\u00f6chte und die zahllosen schon erschienenen und noch erscheinenden meist dicken Werke eher scheut, dem sei mit diesem Atlas und seinen sehr verst\u00e4ndlichen Texten eine wirklich erhellende Alternative empfohlen.<\/p>\n<p>&nbsp;<\/p>\n<p>Ich w\u00fcnschte, ich h\u00e4tte bei meinem Studium ein solches Buch zur Verf\u00fcgung gehabt.<\/p>\n","protected":false},"excerpt":{"rendered":"<p>&nbsp; &nbsp; &nbsp; Tim Dowley, Der Atlas zur Reformation in Europa, Neukirchener Verlag 1016, ISBN 978-3-7615-6331-1 &nbsp; \u201eEine Karte ist nicht einfach eine abgemessene Darstellung der Welt. Eine Karte erschlie\u00dft Welten und erschafft Bedeutung. Sie formt eine Br\u00fccke zwischen dem Hier und dem Dort, zwischen zwei ungleichen Gedanken, von denen wir nicht einmal wussten, dass &hellip; <a href=\"https:\/\/blog.liesdoch.de\/?p=3073\" class=\"more-link\"><span class=\"screen-reader-text\">Der Atlas zur Reformation in Europa<\/span> weiterlesen <span class=\"meta-nav\">&rarr;<\/span><\/a><\/p>\n","protected":false},"author":6,"featured_media":0,"comment_status":"open","ping_status":"open","sticky":false,"template":"","format":"standard","meta":{"footnotes":""},"categories":[1],"tags":[],"class_list":["post-3073","post","type-post","status-publish","format-standard","hentry","category-allgemein"],"_links":{"self":[{"href":"https:\/\/blog.liesdoch.de\/index.php?rest_route=\/wp\/v2\/posts\/3073","targetHints":{"allow":["GET"]}}],"collection":[{"href":"https:\/\/blog.liesdoch.de\/index.php?rest_route=\/wp\/v2\/posts"}],"about":[{"href":"https:\/\/blog.liesdoch.de\/index.php?rest_route=\/wp\/v2\/types\/post"}],"author":[{"embeddable":true,"href":"https:\/\/blog.liesdoch.de\/index.php?rest_route=\/wp\/v2\/users\/6"}],"replies":[{"embeddable":true,"href":"https:\/\/blog.liesdoch.de\/index.php?rest_route=%2Fwp%2Fv2%2Fcomments&post=3073"}],"version-history":[{"count":1,"href":"https:\/\/blog.liesdoch.de\/index.php?rest_route=\/wp\/v2\/posts\/3073\/revisions"}],"predecessor-version":[{"id":3075,"href":"https:\/\/blog.liesdoch.de\/index.php?rest_route=\/wp\/v2\/posts\/3073\/revisions\/3075"}],"wp:attachment":[{"href":"https:\/\/blog.liesdoch.de\/index.php?rest_route=%2Fwp%2Fv2%2Fmedia&parent=3073"}],"wp:term":[{"taxonomy":"category","embeddable":true,"href":"https:\/\/blog.liesdoch.de\/index.php?rest_route=%2Fwp%2Fv2%2Fcategories&post=3073"},{"taxonomy":"post_tag","embeddable":true,"href":"https:\/\/blog.liesdoch.de\/index.php?rest_route=%2Fwp%2Fv2%2Ftags&post=3073"}],"curies":[{"name":"wp","href":"https:\/\/api.w.org\/{rel}","templated":true}]}}