{"id":3081,"date":"2016-11-28T12:12:28","date_gmt":"2016-11-28T10:12:28","guid":{"rendered":"http:\/\/blog.liesdoch.de\/?p=3081"},"modified":"2016-11-28T12:12:28","modified_gmt":"2016-11-28T10:12:28","slug":"mein-kleiner-roter-flitzer-auf-grosser-fahrt","status":"publish","type":"post","link":"https:\/\/blog.liesdoch.de\/?p=3081","title":{"rendered":"Mein kleiner roter Flitzer auf gro\u00dfer Fahrt"},"content":{"rendered":"<p>&nbsp;<\/p>\n<p>&nbsp;<\/p>\n<p><a href=\"http:\/\/blog.liesdoch.de\/wp-content\/uploads\/2016\/11\/45033599z.jpg\"><img loading=\"lazy\" decoding=\"async\" class=\"alignnone size-medium wp-image-3082\" src=\"http:\/\/blog.liesdoch.de\/wp-content\/uploads\/2016\/11\/45033599z-276x300.jpg\" alt=\"45033599z\" width=\"276\" height=\"300\" srcset=\"https:\/\/blog.liesdoch.de\/wp-content\/uploads\/2016\/11\/45033599z-276x300.jpg 276w, https:\/\/blog.liesdoch.de\/wp-content\/uploads\/2016\/11\/45033599z.jpg 437w\" sizes=\"auto, (max-width: 276px) 100vw, 276px\" \/><\/a><\/p>\n<p>&nbsp;<\/p>\n<p>&nbsp;<\/p>\n<p>Tina Schulte, Mein kleiner roter Flitzer auf gro\u00dfer Fahrt, Coppenrath 2016, ISBN 978-3-649-67032-2<\/p>\n<p>&nbsp;<\/p>\n<p>Als mein mittlerweile dreizehnj\u00e4hriger Sohn noch ganz klein war, so etwa zwischen zwei und f\u00fcnf Jahren, da geh\u00f6rten die gereimten Bilderb\u00fccher von Tina Schulte \u00fcber den roten Flitzer, das gr\u00fcne Polizeiauto oder die rote Feuerwehr zu seinen absoluten Lieblingsb\u00fcchern zum Vorlesen, zumal er jeweils ein entsprechendes Holzauto hatte, das dem Buch beigef\u00fcgt war, mit dem er dann spielen konnte.<\/p>\n<p>&nbsp;<\/p>\n<p>Nun l\u00e4sst Tina Schulte ihren kleinen roten Flitzer zur\u00fcckkommen und auf gro\u00dfe Fahrt gehen. Der kleine Junge mit der roten M\u00fctze, der das Auto f\u00e4hrt, wird schnell zur Identifikationsfigur f\u00fcr jeden anderen kleinen Jungen, der dieses Buch geschenkt bekommt. Leider ist in dieser Ausgabe das Holzauto nicht dabei, daf\u00fcr aber ein Stoffbutton, der in das Buch eingelassen ist, den die Kinder dr\u00fccken k\u00f6nnen um zu hupen.<\/p>\n<p>&nbsp;<\/p>\n<p>Ein sch\u00f6nes Buch mit wunderbaren Reimen.<\/p>\n","protected":false},"excerpt":{"rendered":"<p>&nbsp; &nbsp; &nbsp; &nbsp; Tina Schulte, Mein kleiner roter Flitzer auf gro\u00dfer Fahrt, Coppenrath 2016, ISBN 978-3-649-67032-2 &nbsp; Als mein mittlerweile dreizehnj\u00e4hriger Sohn noch ganz klein war, so etwa zwischen zwei und f\u00fcnf Jahren, da geh\u00f6rten die gereimten Bilderb\u00fccher von Tina Schulte \u00fcber den roten Flitzer, das gr\u00fcne Polizeiauto oder die rote Feuerwehr zu seinen &hellip; <a href=\"https:\/\/blog.liesdoch.de\/?p=3081\" class=\"more-link\"><span class=\"screen-reader-text\">Mein kleiner roter Flitzer auf gro\u00dfer Fahrt<\/span> weiterlesen <span class=\"meta-nav\">&rarr;<\/span><\/a><\/p>\n","protected":false},"author":6,"featured_media":0,"comment_status":"open","ping_status":"open","sticky":false,"template":"","format":"standard","meta":{"footnotes":""},"categories":[1],"tags":[],"class_list":["post-3081","post","type-post","status-publish","format-standard","hentry","category-allgemein"],"_links":{"self":[{"href":"https:\/\/blog.liesdoch.de\/index.php?rest_route=\/wp\/v2\/posts\/3081","targetHints":{"allow":["GET"]}}],"collection":[{"href":"https:\/\/blog.liesdoch.de\/index.php?rest_route=\/wp\/v2\/posts"}],"about":[{"href":"https:\/\/blog.liesdoch.de\/index.php?rest_route=\/wp\/v2\/types\/post"}],"author":[{"embeddable":true,"href":"https:\/\/blog.liesdoch.de\/index.php?rest_route=\/wp\/v2\/users\/6"}],"replies":[{"embeddable":true,"href":"https:\/\/blog.liesdoch.de\/index.php?rest_route=%2Fwp%2Fv2%2Fcomments&post=3081"}],"version-history":[{"count":1,"href":"https:\/\/blog.liesdoch.de\/index.php?rest_route=\/wp\/v2\/posts\/3081\/revisions"}],"predecessor-version":[{"id":3083,"href":"https:\/\/blog.liesdoch.de\/index.php?rest_route=\/wp\/v2\/posts\/3081\/revisions\/3083"}],"wp:attachment":[{"href":"https:\/\/blog.liesdoch.de\/index.php?rest_route=%2Fwp%2Fv2%2Fmedia&parent=3081"}],"wp:term":[{"taxonomy":"category","embeddable":true,"href":"https:\/\/blog.liesdoch.de\/index.php?rest_route=%2Fwp%2Fv2%2Fcategories&post=3081"},{"taxonomy":"post_tag","embeddable":true,"href":"https:\/\/blog.liesdoch.de\/index.php?rest_route=%2Fwp%2Fv2%2Ftags&post=3081"}],"curies":[{"name":"wp","href":"https:\/\/api.w.org\/{rel}","templated":true}]}}