{"id":3096,"date":"2016-11-29T12:16:22","date_gmt":"2016-11-29T10:16:22","guid":{"rendered":"http:\/\/blog.liesdoch.de\/?p=3096"},"modified":"2016-11-29T12:16:22","modified_gmt":"2016-11-29T10:16:22","slug":"von-unten-betrachtet-geht-es-nur-nach-oben","status":"publish","type":"post","link":"https:\/\/blog.liesdoch.de\/?p=3096","title":{"rendered":"Von unten betrachtet geht es nur nach oben"},"content":{"rendered":"<p>&nbsp;<\/p>\n<p>&nbsp;<\/p>\n<p><a href=\"http:\/\/blog.liesdoch.de\/wp-content\/uploads\/2016\/11\/44946289z.jpg\"><img loading=\"lazy\" decoding=\"async\" class=\"alignnone size-medium wp-image-3097\" src=\"http:\/\/blog.liesdoch.de\/wp-content\/uploads\/2016\/11\/44946289z-188x300.jpg\" alt=\"44946289z\" width=\"188\" height=\"300\" srcset=\"https:\/\/blog.liesdoch.de\/wp-content\/uploads\/2016\/11\/44946289z-188x300.jpg 188w, https:\/\/blog.liesdoch.de\/wp-content\/uploads\/2016\/11\/44946289z.jpg 298w\" sizes=\"auto, (max-width: 188px) 100vw, 188px\" \/><\/a><\/p>\n<p>&nbsp;<\/p>\n<p>Jens Sembdner, Von unten betrachtet, geht es nur nach oben. Mein Weg zur\u00fcck ins Leben, G\u00fctersloher Verlagshaus 2016, ISBN 978-.3-579-08651-4<\/p>\n<p>&nbsp;<\/p>\n<p>Als vor 14 Jahren seine Ehefrau sich das Leben nahm, das brach f\u00fcr Jens Sembdner, den 1967 geborenen Autor des vorliegenden Buches und Gr\u00fcndungsmitglied der Popgruppe \u201eDie Prinzen\u201c seine ganze Welt zusammen. In einem langen Weg wandert er von tiefem Schmerz und gro\u00dfer Verzweiflung, in der der gl\u00e4ubige Christ, der lange in\u00a0 Dresdner Kreuzchor sang, Gott vorwirft, sich bei Wahl des Opfers vergriffen zu haben hin zu neuer Orientierung, die er in dem Bibelwort \u201eDie Wege des HERRN sind unergr\u00fcndlich\u201c findet.<\/p>\n<p>&nbsp;<\/p>\n<p>In dem vorliegenden Buch erz\u00e4hlt er ganz offen von seinem Leben, seinem Schmerz und der Aufgabe seiner selbst. Und er erz\u00e4hlt, wie er auch durch dieses Bibelwort erkennen durfte, dass auch das Negative, auch das Leid eine sinnhafte Bereicherung f\u00fcr das eigene Leben sein kann.<\/p>\n<p>&nbsp;<\/p>\n<p>Wenn man einmal die Nichtigkeit so vieler \u00c4ngste und Sorgen erkannt hat, die Menschen sich tagt\u00e4glich machen um ihr Leben und ihr Wohlergehen, dann erf\u00e4hrt man die lebensspendende Kraft neuer Wertigkeiten.<\/p>\n<p>&nbsp;<\/p>\n<p>Das Buch zeigt, dass und wie man auch heute noch erz\u00e4hlen kann mit dem eigenen Ringen mit Gott, wie man durch die Anklage hindurchst\u00f6\u00dft zu einer neuen Lebenswirklichkeit, wie sich die zun\u00e4chst so festgef\u00fcgte Ordnung auf den Kopf stellt und umgewertet wird.<\/p>\n<p>&nbsp;<\/p>\n<p>Es ist ein ber\u00fchrendes und bewegendes Beispiel daf\u00fcr, wie man auch die tiefsten Lebenskrisen \u00fcberwunden kann, wenn man sich und dem Geist die Zeit dazu gibt.<\/p>\n<p>&nbsp;<\/p>\n<p>Menschen, die von tiefem Leid, Schmerz, Tod und Abschied betroffen sind, und die bereit sind, sich etwas zu \u00f6ffnen f\u00fcr christliche und religi\u00f6se Dimensionen, wird dieses Buch weiterhelfen.<\/p>\n<p>&nbsp;<\/p>\n<p>Vielleicht k\u00f6nnen auch sie dann jenen Satz f\u00fcr sich lebendig machen: \u201eDie Wege des HERRN sind unergr\u00fcndlich.\u201c<\/p>\n<p>&nbsp;<\/p>\n<p>&nbsp;<\/p>\n","protected":false},"excerpt":{"rendered":"<p>&nbsp; &nbsp; &nbsp; Jens Sembdner, Von unten betrachtet, geht es nur nach oben. Mein Weg zur\u00fcck ins Leben, G\u00fctersloher Verlagshaus 2016, ISBN 978-.3-579-08651-4 &nbsp; Als vor 14 Jahren seine Ehefrau sich das Leben nahm, das brach f\u00fcr Jens Sembdner, den 1967 geborenen Autor des vorliegenden Buches und Gr\u00fcndungsmitglied der Popgruppe \u201eDie Prinzen\u201c seine ganze Welt &hellip; <a href=\"https:\/\/blog.liesdoch.de\/?p=3096\" class=\"more-link\"><span class=\"screen-reader-text\">Von unten betrachtet geht es nur nach oben<\/span> weiterlesen <span class=\"meta-nav\">&rarr;<\/span><\/a><\/p>\n","protected":false},"author":6,"featured_media":0,"comment_status":"open","ping_status":"open","sticky":false,"template":"","format":"standard","meta":{"footnotes":""},"categories":[1],"tags":[],"class_list":["post-3096","post","type-post","status-publish","format-standard","hentry","category-allgemein"],"_links":{"self":[{"href":"https:\/\/blog.liesdoch.de\/index.php?rest_route=\/wp\/v2\/posts\/3096","targetHints":{"allow":["GET"]}}],"collection":[{"href":"https:\/\/blog.liesdoch.de\/index.php?rest_route=\/wp\/v2\/posts"}],"about":[{"href":"https:\/\/blog.liesdoch.de\/index.php?rest_route=\/wp\/v2\/types\/post"}],"author":[{"embeddable":true,"href":"https:\/\/blog.liesdoch.de\/index.php?rest_route=\/wp\/v2\/users\/6"}],"replies":[{"embeddable":true,"href":"https:\/\/blog.liesdoch.de\/index.php?rest_route=%2Fwp%2Fv2%2Fcomments&post=3096"}],"version-history":[{"count":1,"href":"https:\/\/blog.liesdoch.de\/index.php?rest_route=\/wp\/v2\/posts\/3096\/revisions"}],"predecessor-version":[{"id":3098,"href":"https:\/\/blog.liesdoch.de\/index.php?rest_route=\/wp\/v2\/posts\/3096\/revisions\/3098"}],"wp:attachment":[{"href":"https:\/\/blog.liesdoch.de\/index.php?rest_route=%2Fwp%2Fv2%2Fmedia&parent=3096"}],"wp:term":[{"taxonomy":"category","embeddable":true,"href":"https:\/\/blog.liesdoch.de\/index.php?rest_route=%2Fwp%2Fv2%2Fcategories&post=3096"},{"taxonomy":"post_tag","embeddable":true,"href":"https:\/\/blog.liesdoch.de\/index.php?rest_route=%2Fwp%2Fv2%2Ftags&post=3096"}],"curies":[{"name":"wp","href":"https:\/\/api.w.org\/{rel}","templated":true}]}}