{"id":3112,"date":"2016-11-30T11:39:41","date_gmt":"2016-11-30T09:39:41","guid":{"rendered":"http:\/\/blog.liesdoch.de\/?p=3112"},"modified":"2016-11-30T11:39:41","modified_gmt":"2016-11-30T09:39:41","slug":"puh","status":"publish","type":"post","link":"https:\/\/blog.liesdoch.de\/?p=3112","title":{"rendered":"Puh!"},"content":{"rendered":"<p>&nbsp;<\/p>\n<p>&nbsp;<\/p>\n<p>&nbsp;<\/p>\n<p><a href=\"http:\/\/blog.liesdoch.de\/wp-content\/uploads\/2016\/11\/45033783z.jpg\"><img loading=\"lazy\" decoding=\"async\" class=\"alignnone size-medium wp-image-3113\" src=\"http:\/\/blog.liesdoch.de\/wp-content\/uploads\/2016\/11\/45033783z-190x300.jpg\" alt=\"45033783z\" width=\"190\" height=\"300\" srcset=\"https:\/\/blog.liesdoch.de\/wp-content\/uploads\/2016\/11\/45033783z-190x300.jpg 190w, https:\/\/blog.liesdoch.de\/wp-content\/uploads\/2016\/11\/45033783z.jpg 301w\" sizes=\"auto, (max-width: 190px) 100vw, 190px\" \/><\/a><\/p>\n<p>&nbsp;<\/p>\n<p>&nbsp;<\/p>\n<p>Ghislaine Roman, Tom Schamp, Puh. So ein Gl\u00fcck, Bohem 2016, ISBN 978-3-95939-037-8<\/p>\n<p>&nbsp;<\/p>\n<p>Welch eine wunderbare Idee hier mit diesem sch\u00f6nen und au\u00dfergew\u00f6hnlichen Bilderbuch umgesetzt wurde! Zu kurzen, wie kleine Gedichte verfassten poetischen Texten der Schriftstellerin Ghislaine Roman, die seit 20 Jahren Romane f\u00fcr jugendliche Leser schreibt, hat der K\u00fcnstler Tom Schamp sehr ausdrucksvolle Bilder gemalt. Er hat sie in einem schwierigen und langen Prozess auf Holz gemalt, passend zu dem Thema des Buches.<\/p>\n<p>&nbsp;<\/p>\n<p>Denn es geht um das Leben eines Baumes, einer Eiche und welche Zuf\u00e4lle und gl\u00fccklichen Umst\u00e4nde es \u00fcber all die Jahrzehnte\u00a0 brauchte, bis am Ende Kinder in seiner Krone in einem Baumhaus spielen k\u00f6nnen.<\/p>\n<p>Welche Gefahren und Ungl\u00fccke musste er erleben: schon dass er als Eichel nicht von einem anderen Tier gefressen wurde, dass Sturm, Feuer und K\u00e4lte ihm \u00fcber all die Jahre seines Wachsens nichts anhaben konnten, dass er stehen bleiben durfte, nachdem aus dem Waldst\u00fcck zun\u00e4chst Feldfl\u00e4che und dann ein Baugebiet wurde\u2026<\/p>\n<p>&nbsp;<\/p>\n<p>Die \u00c4hnlichkeiten mit einem \u00e4hnlich langen Menschenleben sind durchaus gewollt. Wieviel Bewahrung und Schutz haben wir erfahren, bis wir das wurden, was wir jetzt sind! Das kann man nach dem Betrachten und Vorlesen des Buches durchaus auch mit noch kleinen Kindern besprechen und ihnen die entsprechende Dankbarkeit daf\u00fcr ins Herz legen.\u00a0 So wie der Eichenbaum im Buch tragen auch wir Menschen Narben davon. Sie k\u00f6nnen uns erinnern an erlebte Bewahrung und Schutz.<\/p>\n<p>&nbsp;<\/p>\n<p>Auch unser Leben ist ein Gl\u00fcck, in jedem Augenblick. Diese spirituelle Weisheit sollten wir unseren Kindern schenken, unabh\u00e4ngig davon, wie wir religi\u00f6s gepr\u00e4gt sind oder nicht. Nichts ist selbstverst\u00e4ndlich, alles ein Geschenk.<\/p>\n<p>&nbsp;<\/p>\n<p>&nbsp;<\/p>\n","protected":false},"excerpt":{"rendered":"<p>&nbsp; &nbsp; &nbsp; &nbsp; &nbsp; Ghislaine Roman, Tom Schamp, Puh. So ein Gl\u00fcck, Bohem 2016, ISBN 978-3-95939-037-8 &nbsp; Welch eine wunderbare Idee hier mit diesem sch\u00f6nen und au\u00dfergew\u00f6hnlichen Bilderbuch umgesetzt wurde! Zu kurzen, wie kleine Gedichte verfassten poetischen Texten der Schriftstellerin Ghislaine Roman, die seit 20 Jahren Romane f\u00fcr jugendliche Leser schreibt, hat der K\u00fcnstler &hellip; <a href=\"https:\/\/blog.liesdoch.de\/?p=3112\" class=\"more-link\"><span class=\"screen-reader-text\">Puh!<\/span> weiterlesen <span class=\"meta-nav\">&rarr;<\/span><\/a><\/p>\n","protected":false},"author":6,"featured_media":0,"comment_status":"open","ping_status":"open","sticky":false,"template":"","format":"standard","meta":{"footnotes":""},"categories":[1],"tags":[],"class_list":["post-3112","post","type-post","status-publish","format-standard","hentry","category-allgemein"],"_links":{"self":[{"href":"https:\/\/blog.liesdoch.de\/index.php?rest_route=\/wp\/v2\/posts\/3112","targetHints":{"allow":["GET"]}}],"collection":[{"href":"https:\/\/blog.liesdoch.de\/index.php?rest_route=\/wp\/v2\/posts"}],"about":[{"href":"https:\/\/blog.liesdoch.de\/index.php?rest_route=\/wp\/v2\/types\/post"}],"author":[{"embeddable":true,"href":"https:\/\/blog.liesdoch.de\/index.php?rest_route=\/wp\/v2\/users\/6"}],"replies":[{"embeddable":true,"href":"https:\/\/blog.liesdoch.de\/index.php?rest_route=%2Fwp%2Fv2%2Fcomments&post=3112"}],"version-history":[{"count":1,"href":"https:\/\/blog.liesdoch.de\/index.php?rest_route=\/wp\/v2\/posts\/3112\/revisions"}],"predecessor-version":[{"id":3114,"href":"https:\/\/blog.liesdoch.de\/index.php?rest_route=\/wp\/v2\/posts\/3112\/revisions\/3114"}],"wp:attachment":[{"href":"https:\/\/blog.liesdoch.de\/index.php?rest_route=%2Fwp%2Fv2%2Fmedia&parent=3112"}],"wp:term":[{"taxonomy":"category","embeddable":true,"href":"https:\/\/blog.liesdoch.de\/index.php?rest_route=%2Fwp%2Fv2%2Fcategories&post=3112"},{"taxonomy":"post_tag","embeddable":true,"href":"https:\/\/blog.liesdoch.de\/index.php?rest_route=%2Fwp%2Fv2%2Ftags&post=3112"}],"curies":[{"name":"wp","href":"https:\/\/api.w.org\/{rel}","templated":true}]}}