{"id":3128,"date":"2016-12-01T14:39:30","date_gmt":"2016-12-01T12:39:30","guid":{"rendered":"http:\/\/blog.liesdoch.de\/?p=3128"},"modified":"2016-12-01T14:39:30","modified_gmt":"2016-12-01T12:39:30","slug":"die-kleine-hummel-bommel-feiert-weihnachten","status":"publish","type":"post","link":"https:\/\/blog.liesdoch.de\/?p=3128","title":{"rendered":"Die kleine Hummel Bommel feiert Weihnachten"},"content":{"rendered":"<p>&nbsp;<\/p>\n<p>&nbsp;<\/p>\n<p>&nbsp;<\/p>\n<p>&nbsp;<\/p>\n<p><a href=\"http:\/\/blog.liesdoch.de\/wp-content\/uploads\/2016\/12\/45209764z.jpg\"><img loading=\"lazy\" decoding=\"async\" class=\"alignnone size-medium wp-image-3129\" src=\"http:\/\/blog.liesdoch.de\/wp-content\/uploads\/2016\/12\/45209764z-298x300.jpg\" alt=\"45209764z\" width=\"298\" height=\"300\" srcset=\"https:\/\/blog.liesdoch.de\/wp-content\/uploads\/2016\/12\/45209764z-298x300.jpg 298w, https:\/\/blog.liesdoch.de\/wp-content\/uploads\/2016\/12\/45209764z-150x150.jpg 150w, https:\/\/blog.liesdoch.de\/wp-content\/uploads\/2016\/12\/45209764z.jpg 472w\" sizes=\"auto, (max-width: 298px) 100vw, 298px\" \/><\/a><\/p>\n<p>&nbsp;<\/p>\n<p>Britta Sabag u.a., Die kleine Hummel Bommel feiert Weihnachten, arsedition 2016, ISBN 978-3-8458-1645-6<\/p>\n<p>&nbsp;<\/p>\n<p>Mit ihren ersten beiden Bilderb\u00fcchern \u00fcber die kleine Hummel Bommel haben sich Britta Sabag und Maite Kelly in das Herz vieler Kinder, aber auch erwachsener Vorleser geschrieben.<\/p>\n<p>&nbsp;<\/p>\n<p>Nun folgt mit \u201eDie kleine Hummel Bommel feiert Weihnachten\u201c das dritte Bilderbuch, wieder liebevoll erz\u00e4hlt und illustriert. Man muss die kleine Hummel noch nicht kennen, um sie nach diesem Buch zu lieben.<\/p>\n<p>&nbsp;<\/p>\n<p>Es ist der Morgen des Weihnachtstags. Doch da die Bescherung erst abends stattfindet, entschlie\u00dft sich Bommel, zuerst noch ein paar Freunde in der Nachbarschaft zu besuchen. Doch bei jedem dieser Freunde ist an diesem Vormittag irgendetwas falsch gelaufen. Der eine ist krank und musste zum Arzt, dem anderen sind die Pl\u00e4tzchen verbrannt, wieder ein\u00a0 anderer hat keine Laune, weil er keine Idee f\u00fcr eine Weihnachtsrede hat und der letzte \u00e4rgert sich \u00fcber einen mickrigen Weihnachtsbaum. Ob man mit einer solchen Laune Weihnachten feiern kann, ist fraglich.<\/p>\n<p>&nbsp;<\/p>\n<p>Doch die Freunde erkennen, dass es bei Weihnachten auf etwas anderes als \u00c4u\u00dferlichkeiten ankommt. Sie entdecken, dass die Gemeinschaft und die gegenseitige Unterst\u00fctzung wichtig sind und die Freude dar\u00fcber, dass sie einander haben und liebhaben.<\/p>\n<p>&nbsp;<\/p>\n<p>Ein Rezept von Bommels Honigkeksen am Ende des von Joelle Tourlonias sch\u00f6n illustrierten Buches l\u00e4dt ein zum Nachmachen.<\/p>\n<p>&nbsp;<\/p>\n<p>&nbsp;<\/p>\n","protected":false},"excerpt":{"rendered":"<p>&nbsp; &nbsp; &nbsp; &nbsp; &nbsp; Britta Sabag u.a., Die kleine Hummel Bommel feiert Weihnachten, arsedition 2016, ISBN 978-3-8458-1645-6 &nbsp; Mit ihren ersten beiden Bilderb\u00fcchern \u00fcber die kleine Hummel Bommel haben sich Britta Sabag und Maite Kelly in das Herz vieler Kinder, aber auch erwachsener Vorleser geschrieben. &nbsp; Nun folgt mit \u201eDie kleine Hummel Bommel feiert &hellip; <a href=\"https:\/\/blog.liesdoch.de\/?p=3128\" class=\"more-link\"><span class=\"screen-reader-text\">Die kleine Hummel Bommel feiert Weihnachten<\/span> weiterlesen <span class=\"meta-nav\">&rarr;<\/span><\/a><\/p>\n","protected":false},"author":6,"featured_media":0,"comment_status":"open","ping_status":"open","sticky":false,"template":"","format":"standard","meta":{"footnotes":""},"categories":[1],"tags":[],"class_list":["post-3128","post","type-post","status-publish","format-standard","hentry","category-allgemein"],"_links":{"self":[{"href":"https:\/\/blog.liesdoch.de\/index.php?rest_route=\/wp\/v2\/posts\/3128","targetHints":{"allow":["GET"]}}],"collection":[{"href":"https:\/\/blog.liesdoch.de\/index.php?rest_route=\/wp\/v2\/posts"}],"about":[{"href":"https:\/\/blog.liesdoch.de\/index.php?rest_route=\/wp\/v2\/types\/post"}],"author":[{"embeddable":true,"href":"https:\/\/blog.liesdoch.de\/index.php?rest_route=\/wp\/v2\/users\/6"}],"replies":[{"embeddable":true,"href":"https:\/\/blog.liesdoch.de\/index.php?rest_route=%2Fwp%2Fv2%2Fcomments&post=3128"}],"version-history":[{"count":1,"href":"https:\/\/blog.liesdoch.de\/index.php?rest_route=\/wp\/v2\/posts\/3128\/revisions"}],"predecessor-version":[{"id":3130,"href":"https:\/\/blog.liesdoch.de\/index.php?rest_route=\/wp\/v2\/posts\/3128\/revisions\/3130"}],"wp:attachment":[{"href":"https:\/\/blog.liesdoch.de\/index.php?rest_route=%2Fwp%2Fv2%2Fmedia&parent=3128"}],"wp:term":[{"taxonomy":"category","embeddable":true,"href":"https:\/\/blog.liesdoch.de\/index.php?rest_route=%2Fwp%2Fv2%2Fcategories&post=3128"},{"taxonomy":"post_tag","embeddable":true,"href":"https:\/\/blog.liesdoch.de\/index.php?rest_route=%2Fwp%2Fv2%2Ftags&post=3128"}],"curies":[{"name":"wp","href":"https:\/\/api.w.org\/{rel}","templated":true}]}}