{"id":3142,"date":"2016-12-05T14:25:17","date_gmt":"2016-12-05T12:25:17","guid":{"rendered":"http:\/\/blog.liesdoch.de\/?p=3142"},"modified":"2016-12-05T14:25:17","modified_gmt":"2016-12-05T12:25:17","slug":"wer-wir-waren","status":"publish","type":"post","link":"https:\/\/blog.liesdoch.de\/?p=3142","title":{"rendered":"Wer wir waren"},"content":{"rendered":"<p>&nbsp;<\/p>\n<p>&nbsp;<\/p>\n<p>&nbsp;<\/p>\n<p>&nbsp;<\/p>\n<p>&nbsp;<\/p>\n<p><a href=\"http:\/\/blog.liesdoch.de\/wp-content\/uploads\/2016\/12\/45788317z.jpg\"><img loading=\"lazy\" decoding=\"async\" class=\"alignnone size-medium wp-image-3143\" src=\"http:\/\/blog.liesdoch.de\/wp-content\/uploads\/2016\/12\/45788317z-179x300.jpg\" alt=\"45788317z\" width=\"179\" height=\"300\" srcset=\"https:\/\/blog.liesdoch.de\/wp-content\/uploads\/2016\/12\/45788317z-179x300.jpg 179w, https:\/\/blog.liesdoch.de\/wp-content\/uploads\/2016\/12\/45788317z.jpg 283w\" sizes=\"auto, (max-width: 179px) 100vw, 179px\" \/><\/a><\/p>\n<p>Roger Willemsen, Wer wir waren, S. Fischer 2016, ISBN 978-3-10-397285-6<\/p>\n<p>&nbsp;<\/p>\n<p>Menschen und Intellektuelle wie der verstorbene Roger Willemsen fehlen unserem Land wie das Wasser der W\u00fcste. Das sp\u00fcrt man wieder deutlich, wenn man die schmale Fassung seiner Zukunftsrede liest, die er eigentlich zu einem gro\u00dfen Buch unter dem Titel \u201eWer wir waren\u201c ver\u00f6ffentlichen wollte. Aus der Perspektive der Zukunft wollte er die Gegenwart betrachten und das N\u00f6tige dazu sagen:<\/p>\n<p>\u201eWir waren jene, die wussten, aber nicht verstanden, voller Informationen, aber ohne Erkenntnis, randvoll mit Wissen, aber mager an Erfahrung. So gingen wir, von uns selbst nicht aufgehalten.\u201c<\/p>\n<p>&nbsp;<\/p>\n<p>Mit einer beeindruckenden Gabe der Beobachtung und glasklarer Analyse spricht er von einer neuen \u201eQualit\u00e4t der Fl\u00fcchtigkeit\u201c und h\u00e4lt trotz der tief melancholischen Stimmung seines Textes ein flammendes Pl\u00e4doyer daf\u00fcr, dass wir unser Sein in der Gegenwart wieder ernst nehmen, anstatt uns von einem Augenblick und einer Aufmerksamkeit zur n\u00e4chsten zu hangeln und dabei immer oberfl\u00e4chlicher und leerer werden. Sein und aktiv sein in der Gegenwart, sich engagieren, kritisch selbst zu denken, die Zukunft aktiv mitgestalten, anstatt sie den Machern zu \u00fcberlassen. \u00dcber die Gegenwart, auch die der eigenen Existenz, hinausdenken, Vorstellungen eines anderen Lebens zu entwickeln und auch umzusetzen, sich nicht mehr fremdbestimmen lassen.<\/p>\n<p>&nbsp;<\/p>\n<p>Das ist bei allem melancholischen Pessimismus, den die Rede doch ausstrahlt, das Pl\u00e4doyer dieses leider viel zu fr\u00fch verstorbenen Autors.<\/p>\n<p>Jeden Augenblick des Lebens bewusst zu leben und zu gestalten \u2013 das ist die fast schon spirituelle Botschaft von Willemsen.<\/p>\n<p>&nbsp;<\/p>\n<p>&nbsp;<\/p>\n<p>&nbsp;<\/p>\n","protected":false},"excerpt":{"rendered":"<p>&nbsp; &nbsp; &nbsp; &nbsp; &nbsp; Roger Willemsen, Wer wir waren, S. Fischer 2016, ISBN 978-3-10-397285-6 &nbsp; Menschen und Intellektuelle wie der verstorbene Roger Willemsen fehlen unserem Land wie das Wasser der W\u00fcste. Das sp\u00fcrt man wieder deutlich, wenn man die schmale Fassung seiner Zukunftsrede liest, die er eigentlich zu einem gro\u00dfen Buch unter dem Titel &hellip; <a href=\"https:\/\/blog.liesdoch.de\/?p=3142\" class=\"more-link\"><span class=\"screen-reader-text\">Wer wir waren<\/span> weiterlesen <span class=\"meta-nav\">&rarr;<\/span><\/a><\/p>\n","protected":false},"author":6,"featured_media":0,"comment_status":"closed","ping_status":"open","sticky":false,"template":"","format":"standard","meta":{"footnotes":""},"categories":[1],"tags":[],"class_list":["post-3142","post","type-post","status-publish","format-standard","hentry","category-allgemein"],"_links":{"self":[{"href":"https:\/\/blog.liesdoch.de\/index.php?rest_route=\/wp\/v2\/posts\/3142","targetHints":{"allow":["GET"]}}],"collection":[{"href":"https:\/\/blog.liesdoch.de\/index.php?rest_route=\/wp\/v2\/posts"}],"about":[{"href":"https:\/\/blog.liesdoch.de\/index.php?rest_route=\/wp\/v2\/types\/post"}],"author":[{"embeddable":true,"href":"https:\/\/blog.liesdoch.de\/index.php?rest_route=\/wp\/v2\/users\/6"}],"replies":[{"embeddable":true,"href":"https:\/\/blog.liesdoch.de\/index.php?rest_route=%2Fwp%2Fv2%2Fcomments&post=3142"}],"version-history":[{"count":1,"href":"https:\/\/blog.liesdoch.de\/index.php?rest_route=\/wp\/v2\/posts\/3142\/revisions"}],"predecessor-version":[{"id":3144,"href":"https:\/\/blog.liesdoch.de\/index.php?rest_route=\/wp\/v2\/posts\/3142\/revisions\/3144"}],"wp:attachment":[{"href":"https:\/\/blog.liesdoch.de\/index.php?rest_route=%2Fwp%2Fv2%2Fmedia&parent=3142"}],"wp:term":[{"taxonomy":"category","embeddable":true,"href":"https:\/\/blog.liesdoch.de\/index.php?rest_route=%2Fwp%2Fv2%2Fcategories&post=3142"},{"taxonomy":"post_tag","embeddable":true,"href":"https:\/\/blog.liesdoch.de\/index.php?rest_route=%2Fwp%2Fv2%2Ftags&post=3142"}],"curies":[{"name":"wp","href":"https:\/\/api.w.org\/{rel}","templated":true}]}}