{"id":3155,"date":"2016-12-07T10:26:28","date_gmt":"2016-12-07T08:26:28","guid":{"rendered":"http:\/\/blog.liesdoch.de\/?p=3155"},"modified":"2016-12-07T10:26:28","modified_gmt":"2016-12-07T08:26:28","slug":"in-einer-weissen-winternacht","status":"publish","type":"post","link":"https:\/\/blog.liesdoch.de\/?p=3155","title":{"rendered":"In einer wei\u00dfen Winternacht"},"content":{"rendered":"<p>&nbsp;<\/p>\n<p>&nbsp;<\/p>\n<p><a href=\"http:\/\/blog.liesdoch.de\/wp-content\/uploads\/2016\/12\/44978191z.jpg\"><img loading=\"lazy\" decoding=\"async\" class=\"alignnone size-medium wp-image-3156\" src=\"http:\/\/blog.liesdoch.de\/wp-content\/uploads\/2016\/12\/44978191z-243x300.jpg\" alt=\"44978191z\" width=\"243\" height=\"300\" srcset=\"https:\/\/blog.liesdoch.de\/wp-content\/uploads\/2016\/12\/44978191z-243x300.jpg 243w, https:\/\/blog.liesdoch.de\/wp-content\/uploads\/2016\/12\/44978191z.jpg 385w\" sizes=\"auto, (max-width: 243px) 100vw, 243px\" \/><\/a><\/p>\n<p>&nbsp;<\/p>\n<p>&nbsp;<\/p>\n<p>Jean E. Pendziwol, Isabelle Arsenault, In einer wei\u00dfen Winternacht, Verlag Freies Geistesleben 2016, ISBN 978-3-7725-2682-4<\/p>\n<p>&nbsp;<\/p>\n<p>&nbsp;<\/p>\n<p>Was geschieht alles drau\u00dfen in einer wei\u00dfen Winternacht, w\u00e4hrend\u00a0 der kleine Junge im Haus in seinem warmen Bett liegt und versucht einzuschlafen?<\/p>\n<p>&nbsp;<\/p>\n<p>In einem wundersch\u00f6nen zart und einf\u00fchlsam illustrierten Gute-Nacht-Buch haben Jean Pendziwol und Isabelle Arsenault mit Worten und Bildern das leise Leben in einer Winternacht eingefangen.<\/p>\n<p>&nbsp;<\/p>\n<p>Beides hat es mit angetan und mich ber\u00fchrt: die poetischen Texte von Jean Pendziwol, die vorgelesen werden wollen wie Gedichte, langsam und mit Ausdruck und die warmen Zeichnungen von Isabelle Arsenault, die in dem kleinen Betrachter eine ganz tiefen und friedlichen Eindruck hinterlassen.<\/p>\n<p>&nbsp;<\/p>\n<p>Eine Geschichte, die so wunderbar ist wie ein Traum.<\/p>\n","protected":false},"excerpt":{"rendered":"<p>&nbsp; &nbsp; &nbsp; &nbsp; Jean E. Pendziwol, Isabelle Arsenault, In einer wei\u00dfen Winternacht, Verlag Freies Geistesleben 2016, ISBN 978-3-7725-2682-4 &nbsp; &nbsp; Was geschieht alles drau\u00dfen in einer wei\u00dfen Winternacht, w\u00e4hrend\u00a0 der kleine Junge im Haus in seinem warmen Bett liegt und versucht einzuschlafen? &nbsp; In einem wundersch\u00f6nen zart und einf\u00fchlsam illustrierten Gute-Nacht-Buch haben Jean Pendziwol &hellip; <a href=\"https:\/\/blog.liesdoch.de\/?p=3155\" class=\"more-link\"><span class=\"screen-reader-text\">In einer wei\u00dfen Winternacht<\/span> weiterlesen <span class=\"meta-nav\">&rarr;<\/span><\/a><\/p>\n","protected":false},"author":6,"featured_media":0,"comment_status":"closed","ping_status":"open","sticky":false,"template":"","format":"standard","meta":{"footnotes":""},"categories":[1],"tags":[],"class_list":["post-3155","post","type-post","status-publish","format-standard","hentry","category-allgemein"],"_links":{"self":[{"href":"https:\/\/blog.liesdoch.de\/index.php?rest_route=\/wp\/v2\/posts\/3155","targetHints":{"allow":["GET"]}}],"collection":[{"href":"https:\/\/blog.liesdoch.de\/index.php?rest_route=\/wp\/v2\/posts"}],"about":[{"href":"https:\/\/blog.liesdoch.de\/index.php?rest_route=\/wp\/v2\/types\/post"}],"author":[{"embeddable":true,"href":"https:\/\/blog.liesdoch.de\/index.php?rest_route=\/wp\/v2\/users\/6"}],"replies":[{"embeddable":true,"href":"https:\/\/blog.liesdoch.de\/index.php?rest_route=%2Fwp%2Fv2%2Fcomments&post=3155"}],"version-history":[{"count":1,"href":"https:\/\/blog.liesdoch.de\/index.php?rest_route=\/wp\/v2\/posts\/3155\/revisions"}],"predecessor-version":[{"id":3157,"href":"https:\/\/blog.liesdoch.de\/index.php?rest_route=\/wp\/v2\/posts\/3155\/revisions\/3157"}],"wp:attachment":[{"href":"https:\/\/blog.liesdoch.de\/index.php?rest_route=%2Fwp%2Fv2%2Fmedia&parent=3155"}],"wp:term":[{"taxonomy":"category","embeddable":true,"href":"https:\/\/blog.liesdoch.de\/index.php?rest_route=%2Fwp%2Fv2%2Fcategories&post=3155"},{"taxonomy":"post_tag","embeddable":true,"href":"https:\/\/blog.liesdoch.de\/index.php?rest_route=%2Fwp%2Fv2%2Ftags&post=3155"}],"curies":[{"name":"wp","href":"https:\/\/api.w.org\/{rel}","templated":true}]}}