{"id":3159,"date":"2016-12-07T10:36:17","date_gmt":"2016-12-07T08:36:17","guid":{"rendered":"http:\/\/blog.liesdoch.de\/?p=3159"},"modified":"2016-12-07T10:36:17","modified_gmt":"2016-12-07T08:36:17","slug":"reich-gedeckt","status":"publish","type":"post","link":"https:\/\/blog.liesdoch.de\/?p=3159","title":{"rendered":"Reich gedeckt"},"content":{"rendered":"<p>&nbsp;<\/p>\n<p>&nbsp;<\/p>\n<p>&nbsp;<\/p>\n<p><a href=\"http:\/\/blog.liesdoch.de\/wp-content\/uploads\/2016\/12\/44961013z.jpg\"><img loading=\"lazy\" decoding=\"async\" class=\"alignnone size-medium wp-image-3160\" src=\"http:\/\/blog.liesdoch.de\/wp-content\/uploads\/2016\/12\/44961013z-179x300.jpg\" alt=\"44961013z\" width=\"179\" height=\"300\" srcset=\"https:\/\/blog.liesdoch.de\/wp-content\/uploads\/2016\/12\/44961013z-179x300.jpg 179w, https:\/\/blog.liesdoch.de\/wp-content\/uploads\/2016\/12\/44961013z.jpg 284w\" sizes=\"auto, (max-width: 179px) 100vw, 179px\" \/><\/a><\/p>\n<p>&nbsp;<\/p>\n<p>&nbsp;<\/p>\n<p>Nora Steen, Reich gedeckt. 52 Herzensst\u00e4rkungen, Neukirchener Verlag 2016, ISBN 978-3-7615-6358-8<\/p>\n<p>&nbsp;<\/p>\n<p>Nora Steen, die Autorin des vorliegenden Andachtsbuches, ist Pfarrerin in der deutschen Gemeinden in Lissabon und einer gr\u00f6\u00dferen \u00d6ffentlichkeit bekannt geworden als Sprecherin des Wortes zum Sonntag in der ARD.<\/p>\n<p>&nbsp;<\/p>\n<p>Die 52 HerzensSt\u00e4rkungen versteht sie als Tischgeschichten in der Tradition Martin Luthers. Dabei hat sie f\u00fcr jede Woche bzw. einzelne Festtage eine Andacht verfasst. Angelehnt an eine biblische Geschichte oder auch nur ein einzelnes Bibelwort, erz\u00e4hlt sie eine selbst erlebte oder geh\u00f6rte Geschichte, die sie mit einem Gebet oder einem Gedicht abschlie\u00dft.<\/p>\n<p>&nbsp;<\/p>\n<p>Sie m\u00f6chte mit ihren Geschichten einen Gespr\u00e4chsraum er\u00f6ffnen, \u201ein den ich meine Spur eintrage. Und wenn es gut l\u00e4uft, dann kommen viele weitere Spuren dazu.\u201c<\/p>\n<p>Geschichten, die K\u00f6rper und Geist gut tun und einen frisch gest\u00e4rkt weitergehen lassen.<\/p>\n<p>&nbsp;<\/p>\n<p>Das Buch ist hervorragend geeignet f\u00fcr den Einsatz in kirchlichen Gruppen oder vor Gremiensitzungen und l\u00e4dt ein zum Gespr\u00e4ch.<\/p>\n<p>&nbsp;<\/p>\n<p>&nbsp;<\/p>\n","protected":false},"excerpt":{"rendered":"<p>&nbsp; &nbsp; &nbsp; &nbsp; &nbsp; Nora Steen, Reich gedeckt. 52 Herzensst\u00e4rkungen, Neukirchener Verlag 2016, ISBN 978-3-7615-6358-8 &nbsp; Nora Steen, die Autorin des vorliegenden Andachtsbuches, ist Pfarrerin in der deutschen Gemeinden in Lissabon und einer gr\u00f6\u00dferen \u00d6ffentlichkeit bekannt geworden als Sprecherin des Wortes zum Sonntag in der ARD. &nbsp; Die 52 HerzensSt\u00e4rkungen versteht sie als Tischgeschichten &hellip; <a href=\"https:\/\/blog.liesdoch.de\/?p=3159\" class=\"more-link\"><span class=\"screen-reader-text\">Reich gedeckt<\/span> weiterlesen <span class=\"meta-nav\">&rarr;<\/span><\/a><\/p>\n","protected":false},"author":6,"featured_media":0,"comment_status":"closed","ping_status":"open","sticky":false,"template":"","format":"standard","meta":{"footnotes":""},"categories":[1],"tags":[],"class_list":["post-3159","post","type-post","status-publish","format-standard","hentry","category-allgemein"],"_links":{"self":[{"href":"https:\/\/blog.liesdoch.de\/index.php?rest_route=\/wp\/v2\/posts\/3159","targetHints":{"allow":["GET"]}}],"collection":[{"href":"https:\/\/blog.liesdoch.de\/index.php?rest_route=\/wp\/v2\/posts"}],"about":[{"href":"https:\/\/blog.liesdoch.de\/index.php?rest_route=\/wp\/v2\/types\/post"}],"author":[{"embeddable":true,"href":"https:\/\/blog.liesdoch.de\/index.php?rest_route=\/wp\/v2\/users\/6"}],"replies":[{"embeddable":true,"href":"https:\/\/blog.liesdoch.de\/index.php?rest_route=%2Fwp%2Fv2%2Fcomments&post=3159"}],"version-history":[{"count":1,"href":"https:\/\/blog.liesdoch.de\/index.php?rest_route=\/wp\/v2\/posts\/3159\/revisions"}],"predecessor-version":[{"id":3161,"href":"https:\/\/blog.liesdoch.de\/index.php?rest_route=\/wp\/v2\/posts\/3159\/revisions\/3161"}],"wp:attachment":[{"href":"https:\/\/blog.liesdoch.de\/index.php?rest_route=%2Fwp%2Fv2%2Fmedia&parent=3159"}],"wp:term":[{"taxonomy":"category","embeddable":true,"href":"https:\/\/blog.liesdoch.de\/index.php?rest_route=%2Fwp%2Fv2%2Fcategories&post=3159"},{"taxonomy":"post_tag","embeddable":true,"href":"https:\/\/blog.liesdoch.de\/index.php?rest_route=%2Fwp%2Fv2%2Ftags&post=3159"}],"curies":[{"name":"wp","href":"https:\/\/api.w.org\/{rel}","templated":true}]}}