{"id":3208,"date":"2016-12-12T14:14:16","date_gmt":"2016-12-12T12:14:16","guid":{"rendered":"http:\/\/blog.liesdoch.de\/?p=3208"},"modified":"2016-12-12T14:14:16","modified_gmt":"2016-12-12T12:14:16","slug":"das-ende-der-lebensversicherung","status":"publish","type":"post","link":"https:\/\/blog.liesdoch.de\/?p=3208","title":{"rendered":"Das Ende der Lebensversicherung"},"content":{"rendered":"<p>&nbsp;<\/p>\n<p>&nbsp;<\/p>\n<p>&nbsp;<\/p>\n<p><a href=\"http:\/\/blog.liesdoch.de\/wp-content\/uploads\/2016\/12\/45063366z.jpg\"><img loading=\"lazy\" decoding=\"async\" class=\"alignnone size-medium wp-image-3209\" src=\"http:\/\/blog.liesdoch.de\/wp-content\/uploads\/2016\/12\/45063366z-202x300.jpg\" alt=\"45063366z\" width=\"202\" height=\"300\" srcset=\"https:\/\/blog.liesdoch.de\/wp-content\/uploads\/2016\/12\/45063366z-202x300.jpg 202w, https:\/\/blog.liesdoch.de\/wp-content\/uploads\/2016\/12\/45063366z.jpg 320w\" sizes=\"auto, (max-width: 202px) 100vw, 202px\" \/><\/a><\/p>\n<p>&nbsp;<\/p>\n<p>Michael Grandt, Das Ende der Lebensversicherung, Finanzbuch Verlag 2016, ISBN 978-3-89879-991-1<\/p>\n<p>&nbsp;<\/p>\n<p>Die Folgen der Finanzkrise, die 2008 begann und deren Auswirkungen noch lange zu sp\u00fcren sein werden \u2013 R\u00fcckschl\u00e4ge (siehe Italien) nicht ausgeschlossen \u2013 haben die Altersvorsorge und die Lebenssparpl\u00e4ne von Millionen B\u00fcrgern \u00fcber den Haufen geworfen.<\/p>\n<p>&nbsp;<\/p>\n<p>Die seit Jahren anhaltende und sich wohl auch nicht so bald \u00e4ndernde Niedrigzinspolitik haben nicht nur das normale Sparen ad absurdum gef\u00fchrt, sondern auch die Renditen von langfristigen Lebensversicherungen so nach unten getrieben, dass es mir manchmal, wenn ich meine j\u00e4hrlichen Berichte der Versicherung anschaue, so vorkommt, als erlebe ich so etwas \u00e4hnliches, was meine Gro\u00dfeltern zweimal erleben mussten: die Vernichtung ihres hart erarbeiteten Verm\u00f6gens.<\/p>\n<p>&nbsp;<\/p>\n<p>Zwar befeuert die Nullzinspolitik der EZB seit Jahren den privaten Konsum und rettet damit immer wieder ein beachtliches Wachstum und f\u00fchrt zu niedrigen Arbeitslosenzahlen, doch irgendwann sind die R\u00fccklagen, mit denen viele Verbraucher nun Investitionen und K\u00e4ufe vornehmen, aufgebraucht.<\/p>\n<p>&nbsp;<\/p>\n<p>Der vorliegende Ratgeber von Michael Grandt, einem \u00fcberaus erfolgreichen Journalisten und\u00a0 Autor greift diese Situation\u00a0 auf und gibt wertvolle Tipps \u00fcber krisensichere Alternativen zur Lebensversicherung.<\/p>\n<p>In einer von ihm entwickelte 6- Schritte- Strategie erl\u00e4utert er \u00fcberzeugend und verst\u00e4ndlich, wie man auch mit wenig Geld sich individuelle eine eigene die Rente erg\u00e4nzenden Altersvorsorge aufbauen kann.<\/p>\n<p>&nbsp;<\/p>\n<p>F\u00fcr alle Menschen, die sich Sorgen um ihre Altersvorsorge machen\u00a0 und die bei der Anlage ihres Geldes (auch wenn es nur wenig sein sollte) kein Risiko eingehen, wollen, ist dieser Ratgeber ein geeigneter Helfer.<\/p>\n<p>&nbsp;<\/p>\n<p>&nbsp;<\/p>\n","protected":false},"excerpt":{"rendered":"<p>&nbsp; &nbsp; &nbsp; &nbsp; Michael Grandt, Das Ende der Lebensversicherung, Finanzbuch Verlag 2016, ISBN 978-3-89879-991-1 &nbsp; Die Folgen der Finanzkrise, die 2008 begann und deren Auswirkungen noch lange zu sp\u00fcren sein werden \u2013 R\u00fcckschl\u00e4ge (siehe Italien) nicht ausgeschlossen \u2013 haben die Altersvorsorge und die Lebenssparpl\u00e4ne von Millionen B\u00fcrgern \u00fcber den Haufen geworfen. &nbsp; Die seit &hellip; <a href=\"https:\/\/blog.liesdoch.de\/?p=3208\" class=\"more-link\"><span class=\"screen-reader-text\">Das Ende der Lebensversicherung<\/span> weiterlesen <span class=\"meta-nav\">&rarr;<\/span><\/a><\/p>\n","protected":false},"author":6,"featured_media":0,"comment_status":"closed","ping_status":"open","sticky":false,"template":"","format":"standard","meta":{"footnotes":""},"categories":[1],"tags":[],"class_list":["post-3208","post","type-post","status-publish","format-standard","hentry","category-allgemein"],"_links":{"self":[{"href":"https:\/\/blog.liesdoch.de\/index.php?rest_route=\/wp\/v2\/posts\/3208","targetHints":{"allow":["GET"]}}],"collection":[{"href":"https:\/\/blog.liesdoch.de\/index.php?rest_route=\/wp\/v2\/posts"}],"about":[{"href":"https:\/\/blog.liesdoch.de\/index.php?rest_route=\/wp\/v2\/types\/post"}],"author":[{"embeddable":true,"href":"https:\/\/blog.liesdoch.de\/index.php?rest_route=\/wp\/v2\/users\/6"}],"replies":[{"embeddable":true,"href":"https:\/\/blog.liesdoch.de\/index.php?rest_route=%2Fwp%2Fv2%2Fcomments&post=3208"}],"version-history":[{"count":1,"href":"https:\/\/blog.liesdoch.de\/index.php?rest_route=\/wp\/v2\/posts\/3208\/revisions"}],"predecessor-version":[{"id":3210,"href":"https:\/\/blog.liesdoch.de\/index.php?rest_route=\/wp\/v2\/posts\/3208\/revisions\/3210"}],"wp:attachment":[{"href":"https:\/\/blog.liesdoch.de\/index.php?rest_route=%2Fwp%2Fv2%2Fmedia&parent=3208"}],"wp:term":[{"taxonomy":"category","embeddable":true,"href":"https:\/\/blog.liesdoch.de\/index.php?rest_route=%2Fwp%2Fv2%2Fcategories&post=3208"},{"taxonomy":"post_tag","embeddable":true,"href":"https:\/\/blog.liesdoch.de\/index.php?rest_route=%2Fwp%2Fv2%2Ftags&post=3208"}],"curies":[{"name":"wp","href":"https:\/\/api.w.org\/{rel}","templated":true}]}}