{"id":3212,"date":"2016-12-12T14:25:42","date_gmt":"2016-12-12T12:25:42","guid":{"rendered":"http:\/\/blog.liesdoch.de\/?p=3212"},"modified":"2016-12-12T14:25:42","modified_gmt":"2016-12-12T12:25:42","slug":"sind-wir-bald-da","status":"publish","type":"post","link":"https:\/\/blog.liesdoch.de\/?p=3212","title":{"rendered":"Sind wir bald da?"},"content":{"rendered":"<p>&nbsp;<\/p>\n<p>&nbsp;<\/p>\n<p>&nbsp;<\/p>\n<p><a href=\"http:\/\/blog.liesdoch.de\/wp-content\/uploads\/2016\/12\/44895555z.jpg\"><img loading=\"lazy\" decoding=\"async\" class=\"alignnone size-medium wp-image-3213\" src=\"http:\/\/blog.liesdoch.de\/wp-content\/uploads\/2016\/12\/44895555z-300x243.jpg\" alt=\"44895555z\" width=\"300\" height=\"243\" srcset=\"https:\/\/blog.liesdoch.de\/wp-content\/uploads\/2016\/12\/44895555z-300x243.jpg 300w, https:\/\/blog.liesdoch.de\/wp-content\/uploads\/2016\/12\/44895555z.jpg 475w\" sizes=\"auto, (max-width: 300px) 100vw, 300px\" \/><\/a><\/p>\n<p>&nbsp;<\/p>\n<p>&nbsp;<\/p>\n<p>Guido van Genechten, Sind wir bald da. Frosch und Igel auf gro\u00dfer Reise, Annette Betz 2016, ISBN 978-3-219-11693-9<\/p>\n<p>&nbsp;<\/p>\n<p>Dieses wundersch\u00f6ne Bilderbuch des belgischen Kinderbuchautors Guido van Genechten hat sein \u00f6sterreichischer Kollege Heinz Janisch ins Deutsche \u00fcbertragen. Es erz\u00e4hlt von\u00a0 den beiden Freunden Frosch und Igel, die sehr unterschiedlich sind. W\u00e4hrend Frosch sein kleines Dorf noch nie verlassen hat, ist der Igel ein unternehmungslustiger Geselle, der mit seinem roten Auto gerne die Welt erkundet.<\/p>\n<p>&nbsp;<\/p>\n<p>Eines Tages kommt Igel bei Frosch vorbei und nimmt ihn auf eine Reise mit. Gleich nachdem sie losgefahren sind, weist der Idel auf einen bedeutenden Unterschied hin. Als der Frosch fr\u00f6hlich sagt: \u201eWir machen eine Reise\u201c, erwidert der Igel richtigstellend: \u201eWir sind auf einer Reise.\u201c<\/p>\n<p>&nbsp;<\/p>\n<p>Sie fahren durch wundersch\u00f6ne Landschaften und \u00fcber hohe Berge, durch einen langen Tunnel und eine hohe Br\u00fccke bis an das Meer. Immer wieder fragt der Frosch, wann sie denn endlich ankommen, obwohl er sichtlich die Reise mit jeder weiteren Station immer mehr genie\u00dft. Und immer wieder antwortet der Igel. \u201eWir sind auf einer Reise\u201c.<\/p>\n<p>&nbsp;<\/p>\n<p>Der Frosch lernt immer mehr, das gemeinsame Unterwegssein als solches zu genie\u00dfen und als nach der R\u00fcckkehr im Dorf der Igel dem Frisch eine Muschel schenkt, in der er das Meer h\u00f6ren kann, formulieren beide je eiregenwichtige Erkenntnis. Der Igel sagt, der Frosch habe sich ver\u00e4ndert auf dieser Reise und der Frosch hat erkannt, dass er immer auf einer Reise ist.<\/p>\n<p>&nbsp;<\/p>\n<p>Guido van Genechten hat ein wundersch\u00f6nes Bilderbuch geschrieben und illustriert \u00fcber das Unterwegssein mit anderen, das Teilen von neuen Erfahrungen und das Staunen dar\u00fcber, welche Wunder diese Welt f\u00fcr uns bereith\u00e4lt.<\/p>\n","protected":false},"excerpt":{"rendered":"<p>&nbsp; &nbsp; &nbsp; &nbsp; &nbsp; Guido van Genechten, Sind wir bald da. Frosch und Igel auf gro\u00dfer Reise, Annette Betz 2016, ISBN 978-3-219-11693-9 &nbsp; Dieses wundersch\u00f6ne Bilderbuch des belgischen Kinderbuchautors Guido van Genechten hat sein \u00f6sterreichischer Kollege Heinz Janisch ins Deutsche \u00fcbertragen. Es erz\u00e4hlt von\u00a0 den beiden Freunden Frosch und Igel, die sehr unterschiedlich sind. &hellip; <a href=\"https:\/\/blog.liesdoch.de\/?p=3212\" class=\"more-link\"><span class=\"screen-reader-text\">Sind wir bald da?<\/span> weiterlesen <span class=\"meta-nav\">&rarr;<\/span><\/a><\/p>\n","protected":false},"author":6,"featured_media":0,"comment_status":"closed","ping_status":"open","sticky":false,"template":"","format":"standard","meta":{"footnotes":""},"categories":[1],"tags":[],"class_list":["post-3212","post","type-post","status-publish","format-standard","hentry","category-allgemein"],"_links":{"self":[{"href":"https:\/\/blog.liesdoch.de\/index.php?rest_route=\/wp\/v2\/posts\/3212","targetHints":{"allow":["GET"]}}],"collection":[{"href":"https:\/\/blog.liesdoch.de\/index.php?rest_route=\/wp\/v2\/posts"}],"about":[{"href":"https:\/\/blog.liesdoch.de\/index.php?rest_route=\/wp\/v2\/types\/post"}],"author":[{"embeddable":true,"href":"https:\/\/blog.liesdoch.de\/index.php?rest_route=\/wp\/v2\/users\/6"}],"replies":[{"embeddable":true,"href":"https:\/\/blog.liesdoch.de\/index.php?rest_route=%2Fwp%2Fv2%2Fcomments&post=3212"}],"version-history":[{"count":1,"href":"https:\/\/blog.liesdoch.de\/index.php?rest_route=\/wp\/v2\/posts\/3212\/revisions"}],"predecessor-version":[{"id":3214,"href":"https:\/\/blog.liesdoch.de\/index.php?rest_route=\/wp\/v2\/posts\/3212\/revisions\/3214"}],"wp:attachment":[{"href":"https:\/\/blog.liesdoch.de\/index.php?rest_route=%2Fwp%2Fv2%2Fmedia&parent=3212"}],"wp:term":[{"taxonomy":"category","embeddable":true,"href":"https:\/\/blog.liesdoch.de\/index.php?rest_route=%2Fwp%2Fv2%2Fcategories&post=3212"},{"taxonomy":"post_tag","embeddable":true,"href":"https:\/\/blog.liesdoch.de\/index.php?rest_route=%2Fwp%2Fv2%2Ftags&post=3212"}],"curies":[{"name":"wp","href":"https:\/\/api.w.org\/{rel}","templated":true}]}}