{"id":3244,"date":"2016-12-14T09:46:53","date_gmt":"2016-12-14T07:46:53","guid":{"rendered":"http:\/\/blog.liesdoch.de\/?p=3244"},"modified":"2016-12-14T09:46:53","modified_gmt":"2016-12-14T07:46:53","slug":"ein-loch-gegen-den-regen","status":"publish","type":"post","link":"https:\/\/blog.liesdoch.de\/?p=3244","title":{"rendered":"Ein Loch gegen den Regen?"},"content":{"rendered":"<p>&nbsp;<\/p>\n<p>&nbsp;<\/p>\n<p>&nbsp;<\/p>\n<p>&nbsp;<\/p>\n<p><a href=\"http:\/\/blog.liesdoch.de\/wp-content\/uploads\/2016\/12\/44952009z.jpg\"><img loading=\"lazy\" decoding=\"async\" class=\"alignnone size-medium wp-image-3245\" src=\"http:\/\/blog.liesdoch.de\/wp-content\/uploads\/2016\/12\/44952009z-228x300.jpg\" alt=\"44952009z\" width=\"228\" height=\"300\" srcset=\"https:\/\/blog.liesdoch.de\/wp-content\/uploads\/2016\/12\/44952009z-228x300.jpg 228w, https:\/\/blog.liesdoch.de\/wp-content\/uploads\/2016\/12\/44952009z.jpg 361w\" sizes=\"auto, (max-width: 228px) 100vw, 228px\" \/><\/a><\/p>\n<p>Daniel Fehr, Francesca Sanna, Ein Loch gegen den Regen, Atlantis 2016, ISBN 978-3-7152-0719-3<\/p>\n<p>&nbsp;<\/p>\n<p>Das erste von vielen weiteren ausdrucksstarken Bildern von Francesca Sanna in diesem von Daniel Fehr getexteten Bilderbuch zeigt einen Hasen, der sich gerade ein Loch gr\u00e4bt.\u00a0 Dann fragt ihn ein gro\u00dfer B\u00e4r, was er da mache. \u201eIch grabe ein Loch gegen den Regen\u201c, sagt der Hase und wird sofort vom B\u00e4r belehrt. Gegen den Regen brauche man eine H\u00f6hle, behauptet er, auf seiner Welterfahrung beharrend. Genauso machen das auch im Verlauf des Buches noch viele andere Tiere. Jeder empfiehlt dem Hasen die L\u00f6sung gegen den Regen, die er kennt und praktiziert.<\/p>\n<p>&nbsp;<\/p>\n<p>Doch der Hase l\u00e4sst sich nur vor\u00fcbergehend verwirren, vertraut auf die eigene St\u00e4rke und Weisheit, und l\u00e4sst sich nicht durch das Gerede der anderen von seinem Weg abbringen. Er wei\u00df sicher, was f\u00fcr ihn gut ist. Und als es kurz darauf zu sch\u00fctten beginnt, stehen die anderen Tiere im Regen und der Hase sitzt trocken in seinem Loch.<\/p>\n<p>&nbsp;<\/p>\n<p>Ein witziges Bilderbuch mit Hintersinn, den man nach dem Vorlesen mit den Kindern besprechen sollte.<\/p>\n<p>&nbsp;<\/p>\n<p>&nbsp;<\/p>\n<p>&nbsp;<\/p>\n<p>&nbsp;<\/p>\n<p>&nbsp;<\/p>\n","protected":false},"excerpt":{"rendered":"<p>&nbsp; &nbsp; &nbsp; &nbsp; Daniel Fehr, Francesca Sanna, Ein Loch gegen den Regen, Atlantis 2016, ISBN 978-3-7152-0719-3 &nbsp; Das erste von vielen weiteren ausdrucksstarken Bildern von Francesca Sanna in diesem von Daniel Fehr getexteten Bilderbuch zeigt einen Hasen, der sich gerade ein Loch gr\u00e4bt.\u00a0 Dann fragt ihn ein gro\u00dfer B\u00e4r, was er da mache. \u201eIch &hellip; <a href=\"https:\/\/blog.liesdoch.de\/?p=3244\" class=\"more-link\"><span class=\"screen-reader-text\">Ein Loch gegen den Regen?<\/span> weiterlesen <span class=\"meta-nav\">&rarr;<\/span><\/a><\/p>\n","protected":false},"author":6,"featured_media":0,"comment_status":"closed","ping_status":"open","sticky":false,"template":"","format":"standard","meta":{"footnotes":""},"categories":[1],"tags":[],"class_list":["post-3244","post","type-post","status-publish","format-standard","hentry","category-allgemein"],"_links":{"self":[{"href":"https:\/\/blog.liesdoch.de\/index.php?rest_route=\/wp\/v2\/posts\/3244","targetHints":{"allow":["GET"]}}],"collection":[{"href":"https:\/\/blog.liesdoch.de\/index.php?rest_route=\/wp\/v2\/posts"}],"about":[{"href":"https:\/\/blog.liesdoch.de\/index.php?rest_route=\/wp\/v2\/types\/post"}],"author":[{"embeddable":true,"href":"https:\/\/blog.liesdoch.de\/index.php?rest_route=\/wp\/v2\/users\/6"}],"replies":[{"embeddable":true,"href":"https:\/\/blog.liesdoch.de\/index.php?rest_route=%2Fwp%2Fv2%2Fcomments&post=3244"}],"version-history":[{"count":1,"href":"https:\/\/blog.liesdoch.de\/index.php?rest_route=\/wp\/v2\/posts\/3244\/revisions"}],"predecessor-version":[{"id":3246,"href":"https:\/\/blog.liesdoch.de\/index.php?rest_route=\/wp\/v2\/posts\/3244\/revisions\/3246"}],"wp:attachment":[{"href":"https:\/\/blog.liesdoch.de\/index.php?rest_route=%2Fwp%2Fv2%2Fmedia&parent=3244"}],"wp:term":[{"taxonomy":"category","embeddable":true,"href":"https:\/\/blog.liesdoch.de\/index.php?rest_route=%2Fwp%2Fv2%2Fcategories&post=3244"},{"taxonomy":"post_tag","embeddable":true,"href":"https:\/\/blog.liesdoch.de\/index.php?rest_route=%2Fwp%2Fv2%2Ftags&post=3244"}],"curies":[{"name":"wp","href":"https:\/\/api.w.org\/{rel}","templated":true}]}}