{"id":3248,"date":"2016-12-14T10:02:30","date_gmt":"2016-12-14T08:02:30","guid":{"rendered":"http:\/\/blog.liesdoch.de\/?p=3248"},"modified":"2016-12-14T10:02:30","modified_gmt":"2016-12-14T08:02:30","slug":"was-sie-da-vorhaben-waere-ja-eine-revolution","status":"publish","type":"post","link":"https:\/\/blog.liesdoch.de\/?p=3248","title":{"rendered":"Was Sie da vorhaben, w\u00e4re ja eine Revolution"},"content":{"rendered":"<p>&nbsp;<\/p>\n<p>&nbsp;<\/p>\n<p><a href=\"http:\/\/blog.liesdoch.de\/wp-content\/uploads\/2016\/12\/45755133z-1.jpg\"><img loading=\"lazy\" decoding=\"async\" class=\"alignnone size-medium wp-image-3250\" src=\"http:\/\/blog.liesdoch.de\/wp-content\/uploads\/2016\/12\/45755133z-1-199x300.jpg\" alt=\"45755133z\" width=\"199\" height=\"300\" srcset=\"https:\/\/blog.liesdoch.de\/wp-content\/uploads\/2016\/12\/45755133z-1-199x300.jpg 199w, https:\/\/blog.liesdoch.de\/wp-content\/uploads\/2016\/12\/45755133z-1.jpg 315w\" sizes=\"auto, (max-width: 199px) 100vw, 199px\" \/><\/a><\/p>\n<p>&nbsp;<\/p>\n<p>&nbsp;<\/p>\n<p>Erhard Eppler, Niko Paech, Was Sie da vorhaben, w\u00e4re ja eine Revolution..,\u00a0 Oekom 2016, ISBN n978-3-86581-835-5<\/p>\n<p>&nbsp;<\/p>\n<p>Dieses von Christiane Graefe moderierte Streitgespr\u00e4ch dreht sich um die Frage, wie das wirtschaftliche Wachstum, das bereits zur \u00dcbernutzung des Planeten gef\u00fchrt hat und dessen Dynamik zur Bedrohung f\u00fcr das \u00dcberleben der Menschheit wird, gebremst bzw. gestoppt werden kann. \u00dcber die Dringlichkeit der Frage sind sich die Kontrahenten einig. Strittig ist prim\u00e4r die Strategie. Es handelt sich um einen Beitrag zum Degrowth-Diskurs, der in der letzten Zeit innerhalb der \u00d6kologie immer st\u00e4rker gef\u00fchrt wird.<\/p>\n<p>Erhard Eppler ist ein prominenter Politiker, der schon sehr fr\u00fch einen Blick f\u00fcr die Umweltbewegung hatte und schon Anfang der 1970er Jahre die Dringlichkeit des Degrowing erkannte. Mit seinem Buch \u201eEnde oder Wende\u201c versuchte er 1975 als Publizist erfolgreich ein entsprechendes Problembewusstsein zu wecken. Ich erinnere mich noch sehr gut daran wie dieses Buch in der oft auch kirchlich gepr\u00e4gten neuen B\u00fcrgerinitiativbewegung rezipiert wurde.<\/p>\n<p>Niko Paech hat sich im deutschsprachigen Raum unter anderem mit dem Buch \u201eBefreiung vom \u00dcberfluss\u201c (2012) als Wachstumskritiker einen Namen gemacht. Er vertritt die Idee der Postwachstumsgesellschaft.<\/p>\n<p>&nbsp;<\/p>\n<p>Die Konfrontation der beiden Positionen in dem schmalen B\u00e4ndchen ist sehr aufschlussreich, weil sie zur Orientierung in dem noch relativ jungen Diskurs \u00fcber Degrowing oder Postwachstum verhilft.<\/p>\n<p>&nbsp;<\/p>\n<p><em>Paech wirbt f\u00fcr eine <\/em>utopische R\u00fcckkehr zur Subsistenzwirtschaft \u00dcber Konsumverzicht und eine neue Moral spricht er den Einzelnen an, ohne Interesse an der Machtfrage. \u00d6kologie wird damit zum missionarischen Auftrag.<\/p>\n<p>&nbsp;<\/p>\n<p><em>Erhard Eppler hingegen <\/em>will demgegen\u00fcber einen ma\u00dfvollen R\u00fcckbau, w\u00e4hrend dem er die Machtverh\u00e4ltnisse und die sozialen Ungleichheiten und bisher vernachl\u00e4ssigter Bed\u00fcrfnisse ber\u00fccksichtigen will. Sein Ziel und seine Strategie sind im Gegensatz zu Paech pragmatisch, wobei er auf dem Primat der Politik insistiert.<\/p>\n<p>Wer sich \u00fcber den \u00a0noch relativ jungen Diskurs \u00fcber Degrowing oder Postwachstum informieren m\u00f6chte, f\u00fcr den ist das Buch geeignet. Sowohl f\u00fcr Einsteiger als auch\u00a0 f\u00fcr\u00a0 Gesellschaftskritiker, die sich schon l\u00e4nger mit solchen Fragen auseinandersetzen.<\/p>\n<p>&nbsp;<\/p>\n<p>&nbsp;<\/p>\n<p><a href=\"http:\/\/blog.liesdoch.de\/wp-content\/uploads\/2016\/12\/45755133z.jpg\"><img loading=\"lazy\" decoding=\"async\" class=\"alignnone size-medium wp-image-3249\" src=\"http:\/\/blog.liesdoch.de\/wp-content\/uploads\/2016\/12\/45755133z-199x300.jpg\" alt=\"45755133z\" width=\"199\" height=\"300\" srcset=\"https:\/\/blog.liesdoch.de\/wp-content\/uploads\/2016\/12\/45755133z-199x300.jpg 199w, https:\/\/blog.liesdoch.de\/wp-content\/uploads\/2016\/12\/45755133z.jpg 315w\" sizes=\"auto, (max-width: 199px) 100vw, 199px\" \/><\/a><\/p>\n","protected":false},"excerpt":{"rendered":"<p>&nbsp; &nbsp; &nbsp; &nbsp; Erhard Eppler, Niko Paech, Was Sie da vorhaben, w\u00e4re ja eine Revolution..,\u00a0 Oekom 2016, ISBN n978-3-86581-835-5 &nbsp; Dieses von Christiane Graefe moderierte Streitgespr\u00e4ch dreht sich um die Frage, wie das wirtschaftliche Wachstum, das bereits zur \u00dcbernutzung des Planeten gef\u00fchrt hat und dessen Dynamik zur Bedrohung f\u00fcr das \u00dcberleben der Menschheit wird, &hellip; <a href=\"https:\/\/blog.liesdoch.de\/?p=3248\" class=\"more-link\"><span class=\"screen-reader-text\">Was Sie da vorhaben, w\u00e4re ja eine Revolution<\/span> weiterlesen <span class=\"meta-nav\">&rarr;<\/span><\/a><\/p>\n","protected":false},"author":6,"featured_media":0,"comment_status":"closed","ping_status":"open","sticky":false,"template":"","format":"standard","meta":{"footnotes":""},"categories":[1],"tags":[],"class_list":["post-3248","post","type-post","status-publish","format-standard","hentry","category-allgemein"],"_links":{"self":[{"href":"https:\/\/blog.liesdoch.de\/index.php?rest_route=\/wp\/v2\/posts\/3248","targetHints":{"allow":["GET"]}}],"collection":[{"href":"https:\/\/blog.liesdoch.de\/index.php?rest_route=\/wp\/v2\/posts"}],"about":[{"href":"https:\/\/blog.liesdoch.de\/index.php?rest_route=\/wp\/v2\/types\/post"}],"author":[{"embeddable":true,"href":"https:\/\/blog.liesdoch.de\/index.php?rest_route=\/wp\/v2\/users\/6"}],"replies":[{"embeddable":true,"href":"https:\/\/blog.liesdoch.de\/index.php?rest_route=%2Fwp%2Fv2%2Fcomments&post=3248"}],"version-history":[{"count":1,"href":"https:\/\/blog.liesdoch.de\/index.php?rest_route=\/wp\/v2\/posts\/3248\/revisions"}],"predecessor-version":[{"id":3251,"href":"https:\/\/blog.liesdoch.de\/index.php?rest_route=\/wp\/v2\/posts\/3248\/revisions\/3251"}],"wp:attachment":[{"href":"https:\/\/blog.liesdoch.de\/index.php?rest_route=%2Fwp%2Fv2%2Fmedia&parent=3248"}],"wp:term":[{"taxonomy":"category","embeddable":true,"href":"https:\/\/blog.liesdoch.de\/index.php?rest_route=%2Fwp%2Fv2%2Fcategories&post=3248"},{"taxonomy":"post_tag","embeddable":true,"href":"https:\/\/blog.liesdoch.de\/index.php?rest_route=%2Fwp%2Fv2%2Ftags&post=3248"}],"curies":[{"name":"wp","href":"https:\/\/api.w.org\/{rel}","templated":true}]}}