{"id":3269,"date":"2016-12-16T08:59:45","date_gmt":"2016-12-16T06:59:45","guid":{"rendered":"http:\/\/blog.liesdoch.de\/?p=3269"},"modified":"2016-12-16T08:59:45","modified_gmt":"2016-12-16T06:59:45","slug":"der-mittagstisch-2","status":"publish","type":"post","link":"https:\/\/blog.liesdoch.de\/?p=3269","title":{"rendered":"Der Mittagstisch"},"content":{"rendered":"<p>&nbsp;<\/p>\n<p>&nbsp;<\/p>\n<p>&nbsp;<\/p>\n<p>&nbsp;<\/p>\n<p>&nbsp;<\/p>\n<p><a href=\"http:\/\/blog.liesdoch.de\/wp-content\/uploads\/2016\/12\/45014102z.jpg\"><img loading=\"lazy\" decoding=\"async\" class=\"alignnone size-medium wp-image-3270\" src=\"http:\/\/blog.liesdoch.de\/wp-content\/uploads\/2016\/12\/45014102z-188x300.jpg\" alt=\"45014102z\" width=\"188\" height=\"300\" srcset=\"https:\/\/blog.liesdoch.de\/wp-content\/uploads\/2016\/12\/45014102z-188x300.jpg 188w, https:\/\/blog.liesdoch.de\/wp-content\/uploads\/2016\/12\/45014102z.jpg 297w\" sizes=\"auto, (max-width: 188px) 100vw, 188px\" \/><\/a><\/p>\n<p>Ingrid Noll, Der Mittagstisch, Diogenes 2017, ISBN \u00a0978-3-257-24370-3<\/p>\n<p>&nbsp;<\/p>\n<p>Mit den B\u00fcchern von Ingrid Noll geht es mir seit Jahren so \u00e4hnlich wie mit den Brunetti &#8211; Romanen von Donna Leon, die wie Nolls Romane ebenfalls bei Diogenes in Z\u00fcrich erscheinen. \u00a0Weil ihre Vorg\u00e4nger so \u00fcberaus erfolgreich waren, neigen die Autorinnen dazu, auch im n\u00e4chsten, \u00a0von einer treuen und nicht kleiner werdenden Fangemeinde sehnlichst erwarteten Buch mit dem gleichen Strickmuster zu arbeiten.<\/p>\n<p>&nbsp;<\/p>\n<p>Bei Ingrid Noll sind es vorzugsweise Frauen, die, mit viel schwarzem Humor beschrieben, auf die eine oder andere geniale Weise unliebsame Zeitgenossen entsorgen und sie sich vom Hals schaffen.<\/p>\n<p>&nbsp;<\/p>\n<p>Im neuen Buch ist es die alleinerziehende Nelly, Mitte drei\u00dfig, \u00a0die sich \u00a0mit der Einrichtung eines Mittagstisches\u00a0in ihrem Haus eine steuerfreie Nebeneinkunft zu sichern glaubt. Offiziell kocht \u00a0die begnadete K\u00f6chin nur f\u00fcr Freunde, und glaubt, deshalb kein Gewerbe anmelden zu m\u00fcssen.<\/p>\n<p>&nbsp;<\/p>\n<p>Und so beschreibt Ingrid Noll einen illustren Kreis von Mittagsg\u00e4sten, wobei Nelly insbesondere den M\u00e4nnern \u00a0gro\u00dfe \u00a0Aufmerksamkeit \u00a0widmet. \u00a0Doch als ihr Lieblingsgast Markus eines Tages \u00a0seine Freundin Grete mitbringt, ist es mit \u00a0der Gastfreundschaft vorbei. Nelly beginnt zu handeln, wobei ihr ihre genauen \u00a0Kochkenntnisse sehr behilflich sind.<\/p>\n<p>&nbsp;<\/p>\n<p>Wie in allen fr\u00fcheren Romanen bietet \u00a0Ingrid Noll k\u00f6stliche und leichte Unterhaltung mit Menschen, deren b\u00f6se Seite ihrer \u00a0Pers\u00f6nlichkeit sie vorzugsweise \u00a0zum Ausdruck bringt und mit selbstbewussten \u00a0Frauen, die meist ohne strafrechtliche Folgen sich Probleme vom Hals schaffen.<\/p>\n<p>&nbsp;<\/p>\n<p>Witzig und \u00fcberaus am\u00fcsant \u00a0ist eine solche Lekt\u00fcre \u00a0und ihre treuen \u00a0Fans w\u00fcnschen sich von der agilen Achtzigj\u00e4hrigen noch viele weitere \u00a0Romane.<\/p>\n<p>&nbsp;<\/p>\n<p>&nbsp;<\/p>\n<p>&nbsp;<\/p>\n<p>&nbsp;<\/p>\n<p>&nbsp;<\/p>\n","protected":false},"excerpt":{"rendered":"<p>&nbsp; &nbsp; &nbsp; &nbsp; &nbsp; Ingrid Noll, Der Mittagstisch, Diogenes 2017, ISBN \u00a0978-3-257-24370-3 &nbsp; Mit den B\u00fcchern von Ingrid Noll geht es mir seit Jahren so \u00e4hnlich wie mit den Brunetti &#8211; Romanen von Donna Leon, die wie Nolls Romane ebenfalls bei Diogenes in Z\u00fcrich erscheinen. \u00a0Weil ihre Vorg\u00e4nger so \u00fcberaus erfolgreich waren, neigen die &hellip; <a href=\"https:\/\/blog.liesdoch.de\/?p=3269\" class=\"more-link\"><span class=\"screen-reader-text\">Der Mittagstisch<\/span> weiterlesen <span class=\"meta-nav\">&rarr;<\/span><\/a><\/p>\n","protected":false},"author":6,"featured_media":0,"comment_status":"closed","ping_status":"open","sticky":false,"template":"","format":"standard","meta":{"footnotes":""},"categories":[1],"tags":[],"class_list":["post-3269","post","type-post","status-publish","format-standard","hentry","category-allgemein"],"_links":{"self":[{"href":"https:\/\/blog.liesdoch.de\/index.php?rest_route=\/wp\/v2\/posts\/3269","targetHints":{"allow":["GET"]}}],"collection":[{"href":"https:\/\/blog.liesdoch.de\/index.php?rest_route=\/wp\/v2\/posts"}],"about":[{"href":"https:\/\/blog.liesdoch.de\/index.php?rest_route=\/wp\/v2\/types\/post"}],"author":[{"embeddable":true,"href":"https:\/\/blog.liesdoch.de\/index.php?rest_route=\/wp\/v2\/users\/6"}],"replies":[{"embeddable":true,"href":"https:\/\/blog.liesdoch.de\/index.php?rest_route=%2Fwp%2Fv2%2Fcomments&post=3269"}],"version-history":[{"count":1,"href":"https:\/\/blog.liesdoch.de\/index.php?rest_route=\/wp\/v2\/posts\/3269\/revisions"}],"predecessor-version":[{"id":3271,"href":"https:\/\/blog.liesdoch.de\/index.php?rest_route=\/wp\/v2\/posts\/3269\/revisions\/3271"}],"wp:attachment":[{"href":"https:\/\/blog.liesdoch.de\/index.php?rest_route=%2Fwp%2Fv2%2Fmedia&parent=3269"}],"wp:term":[{"taxonomy":"category","embeddable":true,"href":"https:\/\/blog.liesdoch.de\/index.php?rest_route=%2Fwp%2Fv2%2Fcategories&post=3269"},{"taxonomy":"post_tag","embeddable":true,"href":"https:\/\/blog.liesdoch.de\/index.php?rest_route=%2Fwp%2Fv2%2Ftags&post=3269"}],"curies":[{"name":"wp","href":"https:\/\/api.w.org\/{rel}","templated":true}]}}