{"id":3277,"date":"2016-12-29T14:19:24","date_gmt":"2016-12-29T12:19:24","guid":{"rendered":"http:\/\/blog.liesdoch.de\/?p=3277"},"modified":"2016-12-29T14:19:24","modified_gmt":"2016-12-29T12:19:24","slug":"wir-schleswig-holsteiner","status":"publish","type":"post","link":"https:\/\/blog.liesdoch.de\/?p=3277","title":{"rendered":"Wir Schleswig-Holsteiner"},"content":{"rendered":"<p>&nbsp;<\/p>\n<p>&nbsp;<\/p>\n<p>&nbsp;<\/p>\n<p>&nbsp;<\/p>\n<p>&nbsp;<\/p>\n<p><a href=\"http:\/\/blog.liesdoch.de\/wp-content\/uploads\/2016\/12\/45791038z.jpg\"><img loading=\"lazy\" decoding=\"async\" class=\"alignnone size-medium wp-image-3278\" src=\"http:\/\/blog.liesdoch.de\/wp-content\/uploads\/2016\/12\/45791038z-243x300.jpg\" alt=\"45791038z\" width=\"243\" height=\"300\" srcset=\"https:\/\/blog.liesdoch.de\/wp-content\/uploads\/2016\/12\/45791038z-243x300.jpg 243w, https:\/\/blog.liesdoch.de\/wp-content\/uploads\/2016\/12\/45791038z.jpg 384w\" sizes=\"auto, (max-width: 243px) 100vw, 243px\" \/><\/a><\/p>\n<p>&nbsp;<\/p>\n<p>Gerhard M\u00fcller, Frank Peter, Wir Schleswig-Holsteiner. 70 Jahre- 70 Menschen, Wachholtz Verlag 2016, ISBN 978-3-529-05135-7<\/p>\n<p>&nbsp;<\/p>\n<p>In diesem Jahr wird das Land Schleswig-Holstein 70 Jahre alt. Aus diesem Anlass haben die beiden Autoren dieses Buches, beide Journalisten der Kieler Nachrichten, insgesamt 70 mehr oder weniger bekannte Schleswig-Holsteiner B\u00fcrger zu Hause besucht oder an den Orten, f\u00fcr die sie in ihrer Umgebung bekannt sind und mit ihnen Gespr\u00e4che gef\u00fchrt.<\/p>\n<p>&nbsp;<\/p>\n<p>Sie haben dabei Menschen getroffen, die offen \u00fcber ihr Leben und ihr Lebenswerk sprachen und auch nicht schweigen von ihrer Liebe zu dem Land, in den Sie zum Teil seit ihrer Geburt leben.<\/p>\n<p>&nbsp;<\/p>\n<p>Nach \u00fcber 40 Jahren bin ich in diesem Herbst selbst einmal wieder in Schleswig-Holstein gewesen und zwar auf der Insel F\u00f6hr. Ich habe dort Menschen kennengelernt, die ihrer Gegend und ihrer Kultur \u00e4hnlich verbunden waren wie die in dem Buch portr\u00e4tierten. Zum Beispiel den Kapit\u00e4n der MS Hauke Haien, Bernd Diedrichsen, der, auf Hallig Hooge geboren und sie mit seinem Schiff fast jeden Tag anfahrend, diesem Buch auch gut gestanden h\u00e4tte.<\/p>\n<p>&nbsp;<\/p>\n<p>Das Buch ist eine 70 fache Liebeserkl\u00e4rung an ein wundervolles Land mit tollen Fotos und locker geschriebenen Texten.<\/p>\n<p>&nbsp;<\/p>\n<p>&nbsp;<\/p>\n","protected":false},"excerpt":{"rendered":"<p>&nbsp; &nbsp; &nbsp; &nbsp; &nbsp; &nbsp; Gerhard M\u00fcller, Frank Peter, Wir Schleswig-Holsteiner. 70 Jahre- 70 Menschen, Wachholtz Verlag 2016, ISBN 978-3-529-05135-7 &nbsp; In diesem Jahr wird das Land Schleswig-Holstein 70 Jahre alt. Aus diesem Anlass haben die beiden Autoren dieses Buches, beide Journalisten der Kieler Nachrichten, insgesamt 70 mehr oder weniger bekannte Schleswig-Holsteiner B\u00fcrger zu &hellip; <a href=\"https:\/\/blog.liesdoch.de\/?p=3277\" class=\"more-link\"><span class=\"screen-reader-text\">Wir Schleswig-Holsteiner<\/span> weiterlesen <span class=\"meta-nav\">&rarr;<\/span><\/a><\/p>\n","protected":false},"author":6,"featured_media":0,"comment_status":"closed","ping_status":"open","sticky":false,"template":"","format":"standard","meta":{"footnotes":""},"categories":[1],"tags":[],"class_list":["post-3277","post","type-post","status-publish","format-standard","hentry","category-allgemein"],"_links":{"self":[{"href":"https:\/\/blog.liesdoch.de\/index.php?rest_route=\/wp\/v2\/posts\/3277","targetHints":{"allow":["GET"]}}],"collection":[{"href":"https:\/\/blog.liesdoch.de\/index.php?rest_route=\/wp\/v2\/posts"}],"about":[{"href":"https:\/\/blog.liesdoch.de\/index.php?rest_route=\/wp\/v2\/types\/post"}],"author":[{"embeddable":true,"href":"https:\/\/blog.liesdoch.de\/index.php?rest_route=\/wp\/v2\/users\/6"}],"replies":[{"embeddable":true,"href":"https:\/\/blog.liesdoch.de\/index.php?rest_route=%2Fwp%2Fv2%2Fcomments&post=3277"}],"version-history":[{"count":1,"href":"https:\/\/blog.liesdoch.de\/index.php?rest_route=\/wp\/v2\/posts\/3277\/revisions"}],"predecessor-version":[{"id":3279,"href":"https:\/\/blog.liesdoch.de\/index.php?rest_route=\/wp\/v2\/posts\/3277\/revisions\/3279"}],"wp:attachment":[{"href":"https:\/\/blog.liesdoch.de\/index.php?rest_route=%2Fwp%2Fv2%2Fmedia&parent=3277"}],"wp:term":[{"taxonomy":"category","embeddable":true,"href":"https:\/\/blog.liesdoch.de\/index.php?rest_route=%2Fwp%2Fv2%2Fcategories&post=3277"},{"taxonomy":"post_tag","embeddable":true,"href":"https:\/\/blog.liesdoch.de\/index.php?rest_route=%2Fwp%2Fv2%2Ftags&post=3277"}],"curies":[{"name":"wp","href":"https:\/\/api.w.org\/{rel}","templated":true}]}}