{"id":328,"date":"2015-07-23T12:40:40","date_gmt":"2015-07-23T10:40:40","guid":{"rendered":"http:\/\/blog.liesdoch.de\/?p=328"},"modified":"2015-07-23T12:40:40","modified_gmt":"2015-07-23T10:40:40","slug":"thomas-muentzer","status":"publish","type":"post","link":"https:\/\/blog.liesdoch.de\/?p=328","title":{"rendered":"Thomas M\u00fcntzer"},"content":{"rendered":"<p>&nbsp;<\/p>\n<p><a href=\"http:\/\/blog.liesdoch.de\/wp-content\/uploads\/2015\/07\/42602082z.jpg\"><img loading=\"lazy\" decoding=\"async\" class=\"alignnone size-medium wp-image-329\" src=\"http:\/\/blog.liesdoch.de\/wp-content\/uploads\/2015\/07\/42602082z-192x300.jpg\" alt=\"42602082z\" width=\"192\" height=\"300\" srcset=\"https:\/\/blog.liesdoch.de\/wp-content\/uploads\/2015\/07\/42602082z-192x300.jpg 192w, https:\/\/blog.liesdoch.de\/wp-content\/uploads\/2015\/07\/42602082z.jpg 304w\" sizes=\"auto, (max-width: 192px) 100vw, 192px\" \/><\/a><\/p>\n<p>Hans- J\u00fcrgen Goertz, Thomas M\u00fcntzer, C.H. Beck 2015, ISBN 978-3-406-68163-9<\/p>\n<p>&nbsp;<\/p>\n<p>Im Jahr 2017 feiert insbesondere die Ev. Kirche in Deutschland die 500. Wiederkehr der Reformation, die ma\u00dfgeblich durch Martin Luther beeinflusst wurde.<\/p>\n<p>Dass es aber w\u00e4hrend der langen und turbulenten Geschichte der Reformation im 16. Jahrhundert auch andere reformatorischen Lesarten des Evangeliums gab, das haben die \u201eSieger\u201c bald vergessen und die Kirchen haben das lange totgeschwiegen.<\/p>\n<p>Thomas M\u00fcntzer vor allem, von Ernst Bloch als \u201eTheologe der Revolution\u201c verehrt und beschrieben und von Heinrich Heine der \u201eheldenm\u00fctigste und ungl\u00fccklichste Spohn des deutschen Vaterlandes\u201c genannt, wurde lange nur in einer Nische der Reformations- und Kirchengeschichte gew\u00fcrdigt. Der Autor des vorliegenden Biographie, Hans-J\u00fcrgen Goertz gilt seit Jahrzehnten als einer der ausgewiesensten Kenner der Theologie M\u00fcntzers, auf dessen Texte ich als Theologiestudent schon in den siebziger Jahren des letzten Jahrhunderts angewiesen war, wollte ich auch die andere Seite kennenlernen.<\/p>\n<p>Thomas M\u00fcntzer wollte zeit seines Lebens die Grundeinsichten der Reformation, dass Gott gerecht und die Christen frei seien, auch politisch verwirklicht sehen, w\u00e4hrend Luther sich mit seiner Zwei-Reiche-Lehre aus der Aff\u00e4re zog. Deshalb schloss sich M\u00fcntzer dem Aufstand den Bauern an, den Luther mit scharfen Worte denunzierte. Daf\u00fcr wurde er sp\u00e4ter, nach der Niederlage der Bauern 1525, gefoltert und hingerichtet.<\/p>\n<p>In dieser gut lesbaren Biographie erz\u00e4hlt Goertz vom Leben eines Revolution\u00e4rs, der sich auf die Naherwartung des NT bezog und das Reich Gottes quasi vor der T\u00fcr stehen sah.<\/p>\n<p>Damit erinnert er, kurz vor dem gro\u00df angelegten Gedenken an die 500. Wiederkehr der Reformation an eine unterdr\u00fcckte Bewegung dieser Reformation, die bis heute immer wieder aufbricht und immer noch aktuell ist.<\/p>\n<p>Goertz erz\u00e4hlt das Leben und Wirken M\u00fcntzers immer eingebettet in die Geschichte der anderen Fl\u00fcgel der Reformation, widmet sich ausf\u00fchrlich der Rezeption M\u00fcntzers und den Verzerrungen seiner Theologie in der Neuzeit und legt mit seine letzten Kapitel mit dem Titel \u201eThomas M\u00fcntzer und die Theologie heute\u201c sieben bedenkenswerte Ans\u00e4tze der Inklusion von M\u00fcntzers Anliegen in kontempor\u00e4rer reformatorische Theologie.<\/p>\n<p>Ob seine Stimme aber in dem Hype der n\u00e4chsten beiden Jahre inklusive Papstbesuch geh\u00f6rt wird, wage ich zu bezweifeln.<\/p>\n<p>&nbsp;<\/p>\n<p>&nbsp;<\/p>\n<p>&nbsp;<\/p>\n","protected":false},"excerpt":{"rendered":"<p>&nbsp; Hans- J\u00fcrgen Goertz, Thomas M\u00fcntzer, C.H. Beck 2015, ISBN 978-3-406-68163-9 &nbsp; Im Jahr 2017 feiert insbesondere die Ev. Kirche in Deutschland die 500. Wiederkehr der Reformation, die ma\u00dfgeblich durch Martin Luther beeinflusst wurde. Dass es aber w\u00e4hrend der langen und turbulenten Geschichte der Reformation im 16. Jahrhundert auch andere reformatorischen Lesarten des Evangeliums gab, &hellip; <a href=\"https:\/\/blog.liesdoch.de\/?p=328\" class=\"more-link\"><span class=\"screen-reader-text\">Thomas M\u00fcntzer<\/span> weiterlesen <span class=\"meta-nav\">&rarr;<\/span><\/a><\/p>\n","protected":false},"author":6,"featured_media":0,"comment_status":"open","ping_status":"open","sticky":false,"template":"","format":"standard","meta":{"footnotes":""},"categories":[1],"tags":[56,135,134,133],"class_list":["post-328","post","type-post","status-publish","format-standard","hentry","category-allgemein","tag-biographie","tag-martin-luther","tag-reformation","tag-thomas-muentzer"],"_links":{"self":[{"href":"https:\/\/blog.liesdoch.de\/index.php?rest_route=\/wp\/v2\/posts\/328","targetHints":{"allow":["GET"]}}],"collection":[{"href":"https:\/\/blog.liesdoch.de\/index.php?rest_route=\/wp\/v2\/posts"}],"about":[{"href":"https:\/\/blog.liesdoch.de\/index.php?rest_route=\/wp\/v2\/types\/post"}],"author":[{"embeddable":true,"href":"https:\/\/blog.liesdoch.de\/index.php?rest_route=\/wp\/v2\/users\/6"}],"replies":[{"embeddable":true,"href":"https:\/\/blog.liesdoch.de\/index.php?rest_route=%2Fwp%2Fv2%2Fcomments&post=328"}],"version-history":[{"count":1,"href":"https:\/\/blog.liesdoch.de\/index.php?rest_route=\/wp\/v2\/posts\/328\/revisions"}],"predecessor-version":[{"id":330,"href":"https:\/\/blog.liesdoch.de\/index.php?rest_route=\/wp\/v2\/posts\/328\/revisions\/330"}],"wp:attachment":[{"href":"https:\/\/blog.liesdoch.de\/index.php?rest_route=%2Fwp%2Fv2%2Fmedia&parent=328"}],"wp:term":[{"taxonomy":"category","embeddable":true,"href":"https:\/\/blog.liesdoch.de\/index.php?rest_route=%2Fwp%2Fv2%2Fcategories&post=328"},{"taxonomy":"post_tag","embeddable":true,"href":"https:\/\/blog.liesdoch.de\/index.php?rest_route=%2Fwp%2Fv2%2Ftags&post=328"}],"curies":[{"name":"wp","href":"https:\/\/api.w.org\/{rel}","templated":true}]}}