{"id":3323,"date":"2017-01-05T14:39:28","date_gmt":"2017-01-05T12:39:28","guid":{"rendered":"http:\/\/blog.liesdoch.de\/?p=3323"},"modified":"2017-01-05T14:39:28","modified_gmt":"2017-01-05T12:39:28","slug":"hier-kommt-keiner-durch","status":"publish","type":"post","link":"https:\/\/blog.liesdoch.de\/?p=3323","title":{"rendered":"Hier kommt keiner durch"},"content":{"rendered":"<p>&nbsp;<\/p>\n<p>&nbsp;<\/p>\n<p>&nbsp;<\/p>\n<p>&nbsp;<\/p>\n<p>&nbsp;<\/p>\n<p>&nbsp;<\/p>\n<p>&nbsp;<\/p>\n<p>&nbsp;<\/p>\n<p>&nbsp;<\/p>\n<p><a href=\"http:\/\/blog.liesdoch.de\/wp-content\/uploads\/2017\/01\/44937993z.jpg\"><img loading=\"lazy\" decoding=\"async\" class=\"alignnone size-medium wp-image-3324\" src=\"http:\/\/blog.liesdoch.de\/wp-content\/uploads\/2017\/01\/44937993z-244x300.jpg\" alt=\"\" width=\"244\" height=\"300\" srcset=\"https:\/\/blog.liesdoch.de\/wp-content\/uploads\/2017\/01\/44937993z-244x300.jpg 244w, https:\/\/blog.liesdoch.de\/wp-content\/uploads\/2017\/01\/44937993z.jpg 387w\" sizes=\"auto, (max-width: 244px) 100vw, 244px\" \/><\/a><\/p>\n<p>Isabel Minho Martins, Hier kommt keiner durch, Klett Kinderbuch 2016, ISBN 978-3-95470-145-2<\/p>\n<p>&nbsp;<\/p>\n<p>Da steht er nun steif und streng, der Herr Aufpasser. Befehl des Generals: Keiner darf hin\u00fcber auf die rechte Buchseite! Die ist f\u00fcr ihn alleine reserviert. Der General will der Held der Geschichte sein. Also l\u00e4sst sein Aufpasser keinen durch. Auch wenn sie noch so betteln, fragen, dr\u00e4ngeln. Die Menge wird immer dichter, immer bunter, immer aufgeregter. Eigentlich ist es \u00fcberhaupt nicht mehr einzusehen, dass es da pl\u00f6tzlich eine Grenze geben soll, nur weil ein General das bestimmt hat! Und dann passiert etwas. (Klappentext)<\/p>\n<p>&nbsp;<\/p>\n<p>Das portugiesische Illustratoren-Duo Isabel Minhos Martis und Bernardo P. Carvalho hat mit &#8222;Hier kommt keiner durch&#8220; ein Meisterwerk von einem Bilderbuch geschaffen. Mit jeder Seite mehr zu einem richtigen Wimmelbuch sich entwickelnd, vermitteln sie auf eine sehr gelungene Weise Kindern das Thema \u201eGrenzen\u201c. Sie verbinden dabei geschickt die kindliche Erfahrungswelt mit politischen Aussagen<\/p>\n<p>&nbsp;<\/p>\n<p>&nbsp;<\/p>\n<p>Herrliche Filzstiftzeichnungen laden die Vorleser ein, zusammen mit Kindern ab etwa 5 Jahren \u00fcber dieses Thema nachzudenken.<\/p>\n<p>&nbsp;<\/p>\n","protected":false},"excerpt":{"rendered":"<p>&nbsp; &nbsp; &nbsp; &nbsp; &nbsp; &nbsp; &nbsp; &nbsp; &nbsp; Isabel Minho Martins, Hier kommt keiner durch, Klett Kinderbuch 2016, ISBN 978-3-95470-145-2 &nbsp; Da steht er nun steif und streng, der Herr Aufpasser. Befehl des Generals: Keiner darf hin\u00fcber auf die rechte Buchseite! Die ist f\u00fcr ihn alleine reserviert. Der General will der Held der Geschichte &hellip; <a href=\"https:\/\/blog.liesdoch.de\/?p=3323\" class=\"more-link\"><span class=\"screen-reader-text\">Hier kommt keiner durch<\/span> weiterlesen <span class=\"meta-nav\">&rarr;<\/span><\/a><\/p>\n","protected":false},"author":6,"featured_media":0,"comment_status":"closed","ping_status":"open","sticky":false,"template":"","format":"standard","meta":{"footnotes":""},"categories":[1],"tags":[],"class_list":["post-3323","post","type-post","status-publish","format-standard","hentry","category-allgemein"],"_links":{"self":[{"href":"https:\/\/blog.liesdoch.de\/index.php?rest_route=\/wp\/v2\/posts\/3323","targetHints":{"allow":["GET"]}}],"collection":[{"href":"https:\/\/blog.liesdoch.de\/index.php?rest_route=\/wp\/v2\/posts"}],"about":[{"href":"https:\/\/blog.liesdoch.de\/index.php?rest_route=\/wp\/v2\/types\/post"}],"author":[{"embeddable":true,"href":"https:\/\/blog.liesdoch.de\/index.php?rest_route=\/wp\/v2\/users\/6"}],"replies":[{"embeddable":true,"href":"https:\/\/blog.liesdoch.de\/index.php?rest_route=%2Fwp%2Fv2%2Fcomments&post=3323"}],"version-history":[{"count":1,"href":"https:\/\/blog.liesdoch.de\/index.php?rest_route=\/wp\/v2\/posts\/3323\/revisions"}],"predecessor-version":[{"id":3325,"href":"https:\/\/blog.liesdoch.de\/index.php?rest_route=\/wp\/v2\/posts\/3323\/revisions\/3325"}],"wp:attachment":[{"href":"https:\/\/blog.liesdoch.de\/index.php?rest_route=%2Fwp%2Fv2%2Fmedia&parent=3323"}],"wp:term":[{"taxonomy":"category","embeddable":true,"href":"https:\/\/blog.liesdoch.de\/index.php?rest_route=%2Fwp%2Fv2%2Fcategories&post=3323"},{"taxonomy":"post_tag","embeddable":true,"href":"https:\/\/blog.liesdoch.de\/index.php?rest_route=%2Fwp%2Fv2%2Ftags&post=3323"}],"curies":[{"name":"wp","href":"https:\/\/api.w.org\/{rel}","templated":true}]}}