{"id":345,"date":"2015-08-17T12:40:52","date_gmt":"2015-08-17T10:40:52","guid":{"rendered":"http:\/\/blog.liesdoch.de\/?p=345"},"modified":"2015-08-17T12:40:52","modified_gmt":"2015-08-17T10:40:52","slug":"das-buch-vom-anfang-von-allem","status":"publish","type":"post","link":"https:\/\/blog.liesdoch.de\/?p=345","title":{"rendered":"Das Buch vom Anfang von allem"},"content":{"rendered":"<p>&nbsp;<\/p>\n<p><a href=\"http:\/\/blog.liesdoch.de\/wp-content\/uploads\/2015\/08\/41840003z.jpg\"><img loading=\"lazy\" decoding=\"async\" class=\"alignnone size-medium wp-image-346\" src=\"http:\/\/blog.liesdoch.de\/wp-content\/uploads\/2015\/08\/41840003z-205x300.jpg\" alt=\"41840003z\" width=\"205\" height=\"300\" srcset=\"https:\/\/blog.liesdoch.de\/wp-content\/uploads\/2015\/08\/41840003z-205x300.jpg 205w, https:\/\/blog.liesdoch.de\/wp-content\/uploads\/2015\/08\/41840003z.jpg 326w\" sizes=\"auto, (max-width: 205px) 100vw, 205px\" \/><\/a><\/p>\n<p>Rainer Oberth\u00fcr, Das Buch vom Anfang von allem, K\u00f6sel 2015, ISBN 978-3-466-37127-3<\/p>\n<p>&nbsp;<\/p>\n<p>Der Theologe Rainer Oberth\u00fcr, der in der Vergangenheit schon einige religi\u00f6se B\u00fccher f\u00fcr Kinder und Jugendliche vorgelegt hat, wendet sich mit seinem neuen Buch an eine breitere Leserschicht. Denn sein ambitionierter Versuch, von der Bibel, der Naturwissenschaft und dem Geheimnis unseres Universums zu erz\u00e4hlen, richtet sich nicht nur an interessierte Jugendliche, sondern vor allen an Erwachsene. Erwachsene, die in ihrer Kindheit etwas gelernt haben von der Urgeschichte, wie sich die Genesis im Alten Testament die Erschaffung des Menschen und der Welt vorstellt und die dann sp\u00e4ter, als sie sich in der Schule mit den Erkenntnissen der modernenn Naturwissenschaften konfrontiert sahen, den offensichtlichen Widerspruch zwischen beiden Erz\u00e4hlungen nicht aufl\u00f6sen konnten.<\/p>\n<p>Viele Menschen haben auf diese Weise ihren Glauben an einem g\u00fctigen Sch\u00f6pfergott verloren oder sahen ihn f\u00fcr ihr weiteres Leben zumindest deutlich angeknackst.<\/p>\n<p>Rainer Oberth\u00fcr stellt in seinem neuen Buch beide Erz\u00e4hlungen nebeneinander, illustriert sie mit neuzeitlichen Fotografien und mittelalterlichen Gem\u00e4lden, die er am Ende des Buches vorstellt und erl\u00e4utert und bringt die Erz\u00e4hlungen auf diese Weise in einen spannenden Dialog. Ein Dialog, der den Leser herausfordert von der ersten Seite an und den der Autor sozusagen \u201eanzetteln\u201c und f\u00f6rdern m\u00f6chte nach einer Erkenntnis: \u201eAlle Dinge, die wir sehen, k\u00f6nnen wir aus zwei Perspektiven anschauen \u2013 als Tatsache und als Geheimnis\u201c.<\/p>\n<p>Mit pers\u00f6nlich ging es als Theologe, der im Laufe seiner jahrzehntelangen Predigtt\u00e4tigkeit mehrfach \u00fcber die Sch\u00f6pfungsgeschichte im Lichte der modernen Naturwissenschaften zu sprechen hatte, und auch im Religionsunterricht verschiedener Altersklassen das Thema oft behandelte, bei der Lekt\u00fcre dieses au\u00dfergew\u00f6hnlichen Buches so, dass ich erstaunt dar\u00fcber war, immer wieder neue Dinge, neue Aspekte, neue Schattierungen zu entdecken, in beiden Erz\u00e4hlungen, der biblischen und der wissenschaftlichen.<\/p>\n<p>Und Oberth\u00fcrs von seinem pers\u00f6nlichen Glauben gepr\u00e4gter Zusammenfassung kann ich mit ganzem Herzen und Seele zustimmen:<\/p>\n<p>\u201eGott ruft das Nichts ins Etwas und das Etwas ins Sein.<\/p>\n<p>Gott schenkt uns Menschen die Entdeckung der Welt:<\/p>\n<p>So sch\u00f6n ist, was wir h\u00f6ren und sehen k\u00f6nnen.<\/p>\n<p>Wir sind ergriffen und wollen es mit allen Sinnen erfahren.<\/p>\n<p>Noch sch\u00f6ner ist, was wir wissen k\u00f6nnen.<\/p>\n<p>Wir begreifen und wollen es mit dem Verstand erkennen.<\/p>\n<p>Am sch\u00f6nsten aber ist, was wir nicht fassen k\u00f6nnen.<\/p>\n<p>Wir werden still und erahnen Gottes Gr\u00f6\u00dfe und Geheimnis.\u201c<\/p>\n<p>&nbsp;<\/p>\n<p>Ja.<\/p>\n","protected":false},"excerpt":{"rendered":"<p>&nbsp; Rainer Oberth\u00fcr, Das Buch vom Anfang von allem, K\u00f6sel 2015, ISBN 978-3-466-37127-3 &nbsp; Der Theologe Rainer Oberth\u00fcr, der in der Vergangenheit schon einige religi\u00f6se B\u00fccher f\u00fcr Kinder und Jugendliche vorgelegt hat, wendet sich mit seinem neuen Buch an eine breitere Leserschicht. Denn sein ambitionierter Versuch, von der Bibel, der Naturwissenschaft und dem Geheimnis unseres &hellip; <a href=\"https:\/\/blog.liesdoch.de\/?p=345\" class=\"more-link\"><span class=\"screen-reader-text\">Das Buch vom Anfang von allem<\/span> weiterlesen <span class=\"meta-nav\">&rarr;<\/span><\/a><\/p>\n","protected":false},"author":6,"featured_media":0,"comment_status":"open","ping_status":"open","sticky":false,"template":"","format":"standard","meta":{"footnotes":""},"categories":[1],"tags":[142,141],"class_list":["post-345","post","type-post","status-publish","format-standard","hentry","category-allgemein","tag-glaube-und-wissenschaft","tag-theologie"],"_links":{"self":[{"href":"https:\/\/blog.liesdoch.de\/index.php?rest_route=\/wp\/v2\/posts\/345","targetHints":{"allow":["GET"]}}],"collection":[{"href":"https:\/\/blog.liesdoch.de\/index.php?rest_route=\/wp\/v2\/posts"}],"about":[{"href":"https:\/\/blog.liesdoch.de\/index.php?rest_route=\/wp\/v2\/types\/post"}],"author":[{"embeddable":true,"href":"https:\/\/blog.liesdoch.de\/index.php?rest_route=\/wp\/v2\/users\/6"}],"replies":[{"embeddable":true,"href":"https:\/\/blog.liesdoch.de\/index.php?rest_route=%2Fwp%2Fv2%2Fcomments&post=345"}],"version-history":[{"count":1,"href":"https:\/\/blog.liesdoch.de\/index.php?rest_route=\/wp\/v2\/posts\/345\/revisions"}],"predecessor-version":[{"id":347,"href":"https:\/\/blog.liesdoch.de\/index.php?rest_route=\/wp\/v2\/posts\/345\/revisions\/347"}],"wp:attachment":[{"href":"https:\/\/blog.liesdoch.de\/index.php?rest_route=%2Fwp%2Fv2%2Fmedia&parent=345"}],"wp:term":[{"taxonomy":"category","embeddable":true,"href":"https:\/\/blog.liesdoch.de\/index.php?rest_route=%2Fwp%2Fv2%2Fcategories&post=345"},{"taxonomy":"post_tag","embeddable":true,"href":"https:\/\/blog.liesdoch.de\/index.php?rest_route=%2Fwp%2Fv2%2Ftags&post=345"}],"curies":[{"name":"wp","href":"https:\/\/api.w.org\/{rel}","templated":true}]}}