{"id":3458,"date":"2017-01-20T09:37:24","date_gmt":"2017-01-20T07:37:24","guid":{"rendered":"http:\/\/blog.liesdoch.de\/?p=3458"},"modified":"2017-01-20T09:37:24","modified_gmt":"2017-01-20T07:37:24","slug":"die-neue-tuerkei","status":"publish","type":"post","link":"https:\/\/blog.liesdoch.de\/?p=3458","title":{"rendered":"Die neue T\u00fcrkei"},"content":{"rendered":"<p>&nbsp;<\/p>\n<p>&nbsp;<\/p>\n<p>&nbsp;<\/p>\n<p>&nbsp;<\/p>\n<p>&nbsp;<\/p>\n<p><a href=\"http:\/\/blog.liesdoch.de\/wp-content\/uploads\/2017\/01\/44948321z.jpg\"><img loading=\"lazy\" decoding=\"async\" class=\"alignnone size-medium wp-image-3459\" src=\"http:\/\/blog.liesdoch.de\/wp-content\/uploads\/2017\/01\/44948321z-211x300.jpg\" alt=\"\" width=\"211\" height=\"300\" srcset=\"https:\/\/blog.liesdoch.de\/wp-content\/uploads\/2017\/01\/44948321z-211x300.jpg 211w, https:\/\/blog.liesdoch.de\/wp-content\/uploads\/2017\/01\/44948321z.jpg 334w\" sizes=\"auto, (max-width: 211px) 100vw, 211px\" \/><\/a><\/p>\n<p>Ali Cem Deniz, Die neue T\u00fcrkei, Promedia 2016, ISBN 978-3-85371-412-6<\/p>\n<p>&nbsp;<\/p>\n<p>&nbsp;<\/p>\n<p>Ali Cem Deniz, ein 1988 geborener und in \u00d6sterreich lebender T\u00fcrke versucht in seinem hier vorliegenden Buch f\u00fcr alle, die sich f\u00fcr die aktuellen Vorg\u00e4nge in der T\u00fcrkei interessieren bzw. besorgt dar\u00fcber sind, zun\u00e4chst einmal historische Informationen zu vermitteln und beschreibt die Geschichte der T\u00fcrkei von der sogenannten \u201eneuen T\u00fcrkei\u201c, wie sie in den zwanziger Jahren des letzten Jahrhunderts Kemal Atat\u00fcrk vorschwebte mit seinem auf das Milit\u00e4r gest\u00fctzten Laizismus bis hin zu der \u201eneuen T\u00fcrkei\u201c, wie sie Recep Tayyip Erdogan schon vor und erst recht nach dem Putsch vom 15. Juli 2016 autorit\u00e4r umsetzt.<\/p>\n<p>&nbsp;<\/p>\n<p>Er verweigert sich den herk\u00f6mmlichen Gegens\u00e4tzen, mit denen die T\u00fcrkei und ihre Gesellschaft auch bei uns oft beschrieben werden. Jenseits von rechts und links, laizistisch und islamistisch, modern und traditionell beschreibt er, sich auf viel t\u00fcrkische Quellen st\u00fctzend, die Neuerfindung der T\u00fcrkei unter Erdogan.<\/p>\n<p>&nbsp;<\/p>\n<p>Wo er selbst dabei steht, ist mir allerdings nicht ersichtlich geworden. Die alevitischen T\u00fcrken jedenfalls bei uns im Ort sind ausnahmslos der Meinung, der Putsch sei von Erdogan geplant worden, um seine schon lange vorbereiteten S\u00e4uberungen durchzuf\u00fchren und ihm freie Bahn f\u00fcr seine Pl\u00e4ne zu geben.<\/p>\n<p>&nbsp;<\/p>\n<p>&nbsp;<\/p>\n<p>&nbsp;<\/p>\n<p>&nbsp;<\/p>\n<p>&nbsp;<\/p>\n","protected":false},"excerpt":{"rendered":"<p>&nbsp; &nbsp; &nbsp; &nbsp; &nbsp; Ali Cem Deniz, Die neue T\u00fcrkei, Promedia 2016, ISBN 978-3-85371-412-6 &nbsp; &nbsp; Ali Cem Deniz, ein 1988 geborener und in \u00d6sterreich lebender T\u00fcrke versucht in seinem hier vorliegenden Buch f\u00fcr alle, die sich f\u00fcr die aktuellen Vorg\u00e4nge in der T\u00fcrkei interessieren bzw. besorgt dar\u00fcber sind, zun\u00e4chst einmal historische Informationen zu &hellip; <a href=\"https:\/\/blog.liesdoch.de\/?p=3458\" class=\"more-link\"><span class=\"screen-reader-text\">Die neue T\u00fcrkei<\/span> weiterlesen <span class=\"meta-nav\">&rarr;<\/span><\/a><\/p>\n","protected":false},"author":6,"featured_media":0,"comment_status":"closed","ping_status":"open","sticky":false,"template":"","format":"standard","meta":{"footnotes":""},"categories":[1],"tags":[],"class_list":["post-3458","post","type-post","status-publish","format-standard","hentry","category-allgemein"],"_links":{"self":[{"href":"https:\/\/blog.liesdoch.de\/index.php?rest_route=\/wp\/v2\/posts\/3458","targetHints":{"allow":["GET"]}}],"collection":[{"href":"https:\/\/blog.liesdoch.de\/index.php?rest_route=\/wp\/v2\/posts"}],"about":[{"href":"https:\/\/blog.liesdoch.de\/index.php?rest_route=\/wp\/v2\/types\/post"}],"author":[{"embeddable":true,"href":"https:\/\/blog.liesdoch.de\/index.php?rest_route=\/wp\/v2\/users\/6"}],"replies":[{"embeddable":true,"href":"https:\/\/blog.liesdoch.de\/index.php?rest_route=%2Fwp%2Fv2%2Fcomments&post=3458"}],"version-history":[{"count":1,"href":"https:\/\/blog.liesdoch.de\/index.php?rest_route=\/wp\/v2\/posts\/3458\/revisions"}],"predecessor-version":[{"id":3460,"href":"https:\/\/blog.liesdoch.de\/index.php?rest_route=\/wp\/v2\/posts\/3458\/revisions\/3460"}],"wp:attachment":[{"href":"https:\/\/blog.liesdoch.de\/index.php?rest_route=%2Fwp%2Fv2%2Fmedia&parent=3458"}],"wp:term":[{"taxonomy":"category","embeddable":true,"href":"https:\/\/blog.liesdoch.de\/index.php?rest_route=%2Fwp%2Fv2%2Fcategories&post=3458"},{"taxonomy":"post_tag","embeddable":true,"href":"https:\/\/blog.liesdoch.de\/index.php?rest_route=%2Fwp%2Fv2%2Ftags&post=3458"}],"curies":[{"name":"wp","href":"https:\/\/api.w.org\/{rel}","templated":true}]}}