{"id":349,"date":"2015-08-17T13:17:15","date_gmt":"2015-08-17T11:17:15","guid":{"rendered":"http:\/\/blog.liesdoch.de\/?p=349"},"modified":"2015-08-17T13:17:48","modified_gmt":"2015-08-17T11:17:48","slug":"wimmelkalender-2016","status":"publish","type":"post","link":"https:\/\/blog.liesdoch.de\/?p=349","title":{"rendered":"Wimmelkalender 2016"},"content":{"rendered":"<p>&nbsp;<\/p>\n<p>&nbsp;<\/p>\n<p><a href=\"http:\/\/blog.liesdoch.de\/wp-content\/uploads\/2015\/08\/42094924z.jpg\"><img loading=\"lazy\" decoding=\"async\" class=\"alignnone size-medium wp-image-350\" src=\"http:\/\/blog.liesdoch.de\/wp-content\/uploads\/2015\/08\/42094924z-300x248.jpg\" alt=\"42094924z\" width=\"300\" height=\"248\" srcset=\"https:\/\/blog.liesdoch.de\/wp-content\/uploads\/2015\/08\/42094924z-300x248.jpg 300w, https:\/\/blog.liesdoch.de\/wp-content\/uploads\/2015\/08\/42094924z.jpg 475w\" sizes=\"auto, (max-width: 300px) 100vw, 300px\" \/><\/a><\/p>\n<p>&nbsp;<\/p>\n<p>Rotraut Susanne Berner, Wimmelkalender 2016, Dumont Kalenderverlag 2015, ISBN 978-3-8320-3283-8<\/p>\n<p>&nbsp;<\/p>\n<p>Ihre im Gerstenberg Verlag erschienenen f\u00fcnf Wimmelb\u00fccher sind meiner Meinung das Beste, was in diesem Genre auf dem Markt erh\u00e4ltlich ist. Von Ali Mitgutsch vor langen Jahren begr\u00fcndet, hat Rotraut Susanne Berner das Wimmelbuch so weiter entwickelt, dass die Kinder, haben sie erst einmal mit dem Fr\u00fchjahrsbuch angefangen ( was ich empfehlen w\u00fcrde) und die vielen mit Namen benannten Figuren kennengelernt und den namenlosen, so wie mein Sohn das vor vielen Jahren machte, Namen gegeben, bald nach den n\u00e4chsten B\u00fcchern rufen, die die Wimmlinger Welt und ihre Menschen zun\u00e4chst im Sommer, dann im Herbst und Winter und schlie\u00dflich in der Nacht zeigen. Das Besondere an Berners Wimmelserie ist, das \u00fcber das Jahr hinweg einzelne Figuren mit einer fortlaufenden Geschichte gezeigt werden. Es ist \u00fcberaus spannend f\u00fcr kleine Kinder (aber auch f\u00fcr mitschauende Erwachsene) die Figuren immer wieder zu identifizieren und zu entdecken.<\/p>\n<p>Mein Sohn und ich konnten, als er klein war, stundenlang vor diesen textlosen B\u00fcchern sitzen und unz\u00e4hlige Geschichte erfinden. So kam er auch irgendwann zu dem Kalender, der \u00fcber viele Jahre jedes Jahr in seinem Zimmer hing und dessen aus den einzelnen Wimmelb\u00fcchern stammenden Monatsbl\u00e4tter er bereits kannte.<\/p>\n<p>Es ist aber durchaus auch eine umgekehrte Reihenfolge denkbar. Irgendwer bringt den neuen Wimmelkalender 2016 ins Haus eines kleinen Kindes, das daraufhin auf die Wimmelb\u00fccher aufmerksam wird und sie lieben lernen wird.<\/p>\n<p>Egal wie, B\u00fccher und Kalenderbl\u00e4tter bieten eine Menge zu entdecken und beschreibend zu erz\u00e4hlen. Auch der Wimmelkalender 2016 ist ein ideales Geschenk f\u00fcr Kinder ab 2 Jahren.<\/p>\n","protected":false},"excerpt":{"rendered":"<p>&nbsp; &nbsp; &nbsp; Rotraut Susanne Berner, Wimmelkalender 2016, Dumont Kalenderverlag 2015, ISBN 978-3-8320-3283-8 &nbsp; Ihre im Gerstenberg Verlag erschienenen f\u00fcnf Wimmelb\u00fccher sind meiner Meinung das Beste, was in diesem Genre auf dem Markt erh\u00e4ltlich ist. Von Ali Mitgutsch vor langen Jahren begr\u00fcndet, hat Rotraut Susanne Berner das Wimmelbuch so weiter entwickelt, dass die Kinder, haben &hellip; <a href=\"https:\/\/blog.liesdoch.de\/?p=349\" class=\"more-link\"><span class=\"screen-reader-text\">Wimmelkalender 2016<\/span> weiterlesen <span class=\"meta-nav\">&rarr;<\/span><\/a><\/p>\n","protected":false},"author":6,"featured_media":0,"comment_status":"open","ping_status":"open","sticky":false,"template":"","format":"standard","meta":{"footnotes":""},"categories":[1],"tags":[143,145,144],"class_list":["post-349","post","type-post","status-publish","format-standard","hentry","category-allgemein","tag-kalender-fuer-kinder","tag-rotraut-susanne-berner","tag-wimmlingen"],"_links":{"self":[{"href":"https:\/\/blog.liesdoch.de\/index.php?rest_route=\/wp\/v2\/posts\/349","targetHints":{"allow":["GET"]}}],"collection":[{"href":"https:\/\/blog.liesdoch.de\/index.php?rest_route=\/wp\/v2\/posts"}],"about":[{"href":"https:\/\/blog.liesdoch.de\/index.php?rest_route=\/wp\/v2\/types\/post"}],"author":[{"embeddable":true,"href":"https:\/\/blog.liesdoch.de\/index.php?rest_route=\/wp\/v2\/users\/6"}],"replies":[{"embeddable":true,"href":"https:\/\/blog.liesdoch.de\/index.php?rest_route=%2Fwp%2Fv2%2Fcomments&post=349"}],"version-history":[{"count":1,"href":"https:\/\/blog.liesdoch.de\/index.php?rest_route=\/wp\/v2\/posts\/349\/revisions"}],"predecessor-version":[{"id":351,"href":"https:\/\/blog.liesdoch.de\/index.php?rest_route=\/wp\/v2\/posts\/349\/revisions\/351"}],"wp:attachment":[{"href":"https:\/\/blog.liesdoch.de\/index.php?rest_route=%2Fwp%2Fv2%2Fmedia&parent=349"}],"wp:term":[{"taxonomy":"category","embeddable":true,"href":"https:\/\/blog.liesdoch.de\/index.php?rest_route=%2Fwp%2Fv2%2Fcategories&post=349"},{"taxonomy":"post_tag","embeddable":true,"href":"https:\/\/blog.liesdoch.de\/index.php?rest_route=%2Fwp%2Fv2%2Ftags&post=349"}],"curies":[{"name":"wp","href":"https:\/\/api.w.org\/{rel}","templated":true}]}}