{"id":3498,"date":"2017-01-25T11:50:33","date_gmt":"2017-01-25T09:50:33","guid":{"rendered":"http:\/\/blog.liesdoch.de\/?p=3498"},"modified":"2017-01-25T11:50:33","modified_gmt":"2017-01-25T09:50:33","slug":"digitale-welt","status":"publish","type":"post","link":"https:\/\/blog.liesdoch.de\/?p=3498","title":{"rendered":"Digitale Welt"},"content":{"rendered":"<p>&nbsp;<\/p>\n<p>&nbsp;<\/p>\n<p>&nbsp;<\/p>\n<p>&nbsp;<\/p>\n<p><a href=\"http:\/\/blog.liesdoch.de\/wp-content\/uploads\/2017\/01\/45679220z.jpg\"><img loading=\"lazy\" decoding=\"async\" class=\"alignnone size-medium wp-image-3499\" src=\"http:\/\/blog.liesdoch.de\/wp-content\/uploads\/2017\/01\/45679220z-231x300.jpg\" alt=\"\" width=\"231\" height=\"300\" srcset=\"https:\/\/blog.liesdoch.de\/wp-content\/uploads\/2017\/01\/45679220z-231x300.jpg 231w, https:\/\/blog.liesdoch.de\/wp-content\/uploads\/2017\/01\/45679220z.jpg 323w\" sizes=\"auto, (max-width: 231px) 100vw, 231px\" \/><\/a><\/p>\n<p>&nbsp;<\/p>\n<p>Lena Thiele, Digitale Welt, Ravensburger Verlag 2017, ISBN 978-3-473-32665-5<\/p>\n<p>&nbsp;<\/p>\n<p>Lena Thiele legt mit ihrem von Jochen Windecker intelligent und verst\u00e4ndlich illustrierten Sachbuch ein Buch vor, das nach Angaben des Verlags f\u00fcr Kinder zwischen 8 und 12 Jahren geeignet ist.<\/p>\n<p>In der Reihe \u201eWieso? Weshalb? Warum? Profiwissen\u201c erschienen schafft es \u201eDigitale Welt\u201c Kindern, die in diesem Alter durchaus schon mit PC`s arbeiten und sich in der Internetwelt bewegen ein solides Grundwissen. Es bietet grundlegenden Einf\u00fchrungen in die Hardware eines PC`s, informiert \u00fcber die verschiedenen Anwendungen und geht kritisch auf die bei Kinder und Jugendlichen (aber auch bei ihren Eltern) so beliebten Messengerdienste und die \u201esozialen\u201c Netzwerke ein, in denen sich so oft immer mehr asoziales bewegt.<\/p>\n<p>&nbsp;<\/p>\n<p>Kapitel \u00fcber Computerspiele und k\u00fcnstliche Intelligenz finden sich genauso wie ein Ausblick in die digitale Zukunft und Ratschl\u00e4ge f\u00fcr schulische Recherchen im Internet, die schon ab dem 5. Schuljahr durchaus verlangt werden.<\/p>\n<p>&nbsp;<\/p>\n<p>Wegen seines grundlegenden Aufbaus eignet sich das Buch durchaus auch f\u00fcr Eltern oder Gro\u00dfeltern, die mit ihrem Smartphone oder PC an der digitalen Welt teilnehmen, aber wenig \u00fcber sie wissen.<\/p>\n<p>&nbsp;<\/p>\n<p>Ein sehr gut gemachtes Sachbuch f\u00fcr Kinder ab 8 Jahren.<\/p>\n","protected":false},"excerpt":{"rendered":"<p>&nbsp; &nbsp; &nbsp; &nbsp; &nbsp; Lena Thiele, Digitale Welt, Ravensburger Verlag 2017, ISBN 978-3-473-32665-5 &nbsp; Lena Thiele legt mit ihrem von Jochen Windecker intelligent und verst\u00e4ndlich illustrierten Sachbuch ein Buch vor, das nach Angaben des Verlags f\u00fcr Kinder zwischen 8 und 12 Jahren geeignet ist. In der Reihe \u201eWieso? Weshalb? Warum? Profiwissen\u201c erschienen schafft es &hellip; <a href=\"https:\/\/blog.liesdoch.de\/?p=3498\" class=\"more-link\"><span class=\"screen-reader-text\">Digitale Welt<\/span> weiterlesen <span class=\"meta-nav\">&rarr;<\/span><\/a><\/p>\n","protected":false},"author":6,"featured_media":0,"comment_status":"closed","ping_status":"open","sticky":false,"template":"","format":"standard","meta":{"footnotes":""},"categories":[1],"tags":[],"class_list":["post-3498","post","type-post","status-publish","format-standard","hentry","category-allgemein"],"_links":{"self":[{"href":"https:\/\/blog.liesdoch.de\/index.php?rest_route=\/wp\/v2\/posts\/3498","targetHints":{"allow":["GET"]}}],"collection":[{"href":"https:\/\/blog.liesdoch.de\/index.php?rest_route=\/wp\/v2\/posts"}],"about":[{"href":"https:\/\/blog.liesdoch.de\/index.php?rest_route=\/wp\/v2\/types\/post"}],"author":[{"embeddable":true,"href":"https:\/\/blog.liesdoch.de\/index.php?rest_route=\/wp\/v2\/users\/6"}],"replies":[{"embeddable":true,"href":"https:\/\/blog.liesdoch.de\/index.php?rest_route=%2Fwp%2Fv2%2Fcomments&post=3498"}],"version-history":[{"count":1,"href":"https:\/\/blog.liesdoch.de\/index.php?rest_route=\/wp\/v2\/posts\/3498\/revisions"}],"predecessor-version":[{"id":3500,"href":"https:\/\/blog.liesdoch.de\/index.php?rest_route=\/wp\/v2\/posts\/3498\/revisions\/3500"}],"wp:attachment":[{"href":"https:\/\/blog.liesdoch.de\/index.php?rest_route=%2Fwp%2Fv2%2Fmedia&parent=3498"}],"wp:term":[{"taxonomy":"category","embeddable":true,"href":"https:\/\/blog.liesdoch.de\/index.php?rest_route=%2Fwp%2Fv2%2Fcategories&post=3498"},{"taxonomy":"post_tag","embeddable":true,"href":"https:\/\/blog.liesdoch.de\/index.php?rest_route=%2Fwp%2Fv2%2Ftags&post=3498"}],"curies":[{"name":"wp","href":"https:\/\/api.w.org\/{rel}","templated":true}]}}