{"id":3502,"date":"2017-01-25T12:06:36","date_gmt":"2017-01-25T10:06:36","guid":{"rendered":"http:\/\/blog.liesdoch.de\/?p=3502"},"modified":"2017-01-25T12:06:36","modified_gmt":"2017-01-25T10:06:36","slug":"mama-wo-komm-ich-eigentlich-her","status":"publish","type":"post","link":"https:\/\/blog.liesdoch.de\/?p=3502","title":{"rendered":"Mama, wo komm  ich eigentlich her?"},"content":{"rendered":"<p>&nbsp;<\/p>\n<p>&nbsp;<\/p>\n<p>&nbsp;<\/p>\n<p>&nbsp;<\/p>\n<p>&nbsp;<\/p>\n<p><a href=\"http:\/\/blog.liesdoch.de\/wp-content\/uploads\/2017\/01\/47037365z.jpg\"><img loading=\"lazy\" decoding=\"async\" class=\"alignnone size-medium wp-image-3503\" src=\"http:\/\/blog.liesdoch.de\/wp-content\/uploads\/2017\/01\/47037365z-233x300.jpg\" alt=\"\" width=\"233\" height=\"300\" srcset=\"https:\/\/blog.liesdoch.de\/wp-content\/uploads\/2017\/01\/47037365z-233x300.jpg 233w, https:\/\/blog.liesdoch.de\/wp-content\/uploads\/2017\/01\/47037365z.jpg 326w\" sizes=\"auto, (max-width: 233px) 100vw, 233px\" \/><\/a><\/p>\n<p>Anne Ameling, Stefanie Reich, Mama, wo komm ich eigentlich her, Ellermann 2017, ISBN 978-3-7707-4295-0<\/p>\n<p>&nbsp;<\/p>\n<p>Im Kopf des kleinen Ole spukt es schon seit dem Morgen, als er aufgestanden ist. Da ist eine Frage, die ihn qu\u00e4lt, indem sie zu ihm spricht: \u201eOle, ich m\u00f6chte unbedingt wissen, wie das war, als du zu Mama, Papa und Anna gekommen bist.\u201c<\/p>\n<p>&nbsp;<\/p>\n<p>Ole wei\u00df es nicht. Er hat einfach keine Erinnerung daran. Sich Papas kluge Lesebrille aufzusetzen hilft ihm genauso wenig weiter wie seinen Teddyb\u00e4r zu fragen. Denn der vermutet nur, dass es bei Ole genauso war wie bei ihm in der Spielzeugfabrik in Klein-Drummelsbach.<\/p>\n<p>&nbsp;<\/p>\n<p>Ole geht in den Garten, fragt\u00a0 die Taube und den Baum und den Frosch, doch die erz\u00e4hlen ihm lediglich, wie sie selbst auf die Welt gekommen sind. Von Onkel Tatti erh\u00e4lt er den Tipp, doch einfach mal seine Mama zu fragen. \u201eDarauf h\u00e4tte er auch selbst kommen k\u00f6nnen!\u201c<\/p>\n<p>&nbsp;<\/p>\n<p>Und dann nimmt ihn die Mutter auf den Scho\u00df und erz\u00e4hlt ihm, wie er lange in ihrem Bauch herangewachsen und schlie\u00dflich im Krankenhaus aus ihrem Bauch herausgekommen ist.<\/p>\n<p>&nbsp;<\/p>\n<p>Nun ist Ole zufrieden, in seinem Kopf spukt es nicht mehr. Und fr\u00f6hlich baut er f\u00fcr seine ganze Familie eine wunderbare Sandburg.<\/p>\n<p>&nbsp;<\/p>\n<p>Stefanie Reich hat die sch\u00f6ne Geschichte von Anne Ameling zart und feinf\u00fchlig illustriert. Das Buch eignet sich ganz hervorragend als Einstieg in eigene Erz\u00e4hlungen und Geschichten aus der pr\u00e4natalen und perinatalen Zeit. Ihre Kinder werden sie \u00fcber lange Zeit immer wieder h\u00f6ren wollen. Sie sind wichtig f\u00fcr ihre eigene Verwurzelung in ihrem noch jungen Leben.<\/p>\n","protected":false},"excerpt":{"rendered":"<p>&nbsp; &nbsp; &nbsp; &nbsp; &nbsp; Anne Ameling, Stefanie Reich, Mama, wo komm ich eigentlich her, Ellermann 2017, ISBN 978-3-7707-4295-0 &nbsp; Im Kopf des kleinen Ole spukt es schon seit dem Morgen, als er aufgestanden ist. Da ist eine Frage, die ihn qu\u00e4lt, indem sie zu ihm spricht: \u201eOle, ich m\u00f6chte unbedingt wissen, wie das war, &hellip; <a href=\"https:\/\/blog.liesdoch.de\/?p=3502\" class=\"more-link\"><span class=\"screen-reader-text\">Mama, wo komm  ich eigentlich her?<\/span> weiterlesen <span class=\"meta-nav\">&rarr;<\/span><\/a><\/p>\n","protected":false},"author":6,"featured_media":0,"comment_status":"closed","ping_status":"open","sticky":false,"template":"","format":"standard","meta":{"footnotes":""},"categories":[1],"tags":[],"class_list":["post-3502","post","type-post","status-publish","format-standard","hentry","category-allgemein"],"_links":{"self":[{"href":"https:\/\/blog.liesdoch.de\/index.php?rest_route=\/wp\/v2\/posts\/3502","targetHints":{"allow":["GET"]}}],"collection":[{"href":"https:\/\/blog.liesdoch.de\/index.php?rest_route=\/wp\/v2\/posts"}],"about":[{"href":"https:\/\/blog.liesdoch.de\/index.php?rest_route=\/wp\/v2\/types\/post"}],"author":[{"embeddable":true,"href":"https:\/\/blog.liesdoch.de\/index.php?rest_route=\/wp\/v2\/users\/6"}],"replies":[{"embeddable":true,"href":"https:\/\/blog.liesdoch.de\/index.php?rest_route=%2Fwp%2Fv2%2Fcomments&post=3502"}],"version-history":[{"count":1,"href":"https:\/\/blog.liesdoch.de\/index.php?rest_route=\/wp\/v2\/posts\/3502\/revisions"}],"predecessor-version":[{"id":3504,"href":"https:\/\/blog.liesdoch.de\/index.php?rest_route=\/wp\/v2\/posts\/3502\/revisions\/3504"}],"wp:attachment":[{"href":"https:\/\/blog.liesdoch.de\/index.php?rest_route=%2Fwp%2Fv2%2Fmedia&parent=3502"}],"wp:term":[{"taxonomy":"category","embeddable":true,"href":"https:\/\/blog.liesdoch.de\/index.php?rest_route=%2Fwp%2Fv2%2Fcategories&post=3502"},{"taxonomy":"post_tag","embeddable":true,"href":"https:\/\/blog.liesdoch.de\/index.php?rest_route=%2Fwp%2Fv2%2Ftags&post=3502"}],"curies":[{"name":"wp","href":"https:\/\/api.w.org\/{rel}","templated":true}]}}