{"id":3514,"date":"2017-01-26T12:22:44","date_gmt":"2017-01-26T10:22:44","guid":{"rendered":"http:\/\/blog.liesdoch.de\/?p=3514"},"modified":"2017-01-26T12:22:44","modified_gmt":"2017-01-26T10:22:44","slug":"schlaf-der-vernunft-2","status":"publish","type":"post","link":"https:\/\/blog.liesdoch.de\/?p=3514","title":{"rendered":"Schlaf der Vernunft"},"content":{"rendered":"<p>&nbsp;<\/p>\n<p>&nbsp;<\/p>\n<p>&nbsp;<\/p>\n<p>&nbsp;<\/p>\n<p>&nbsp;<\/p>\n<p><a href=\"http:\/\/blog.liesdoch.de\/wp-content\/uploads\/2017\/01\/43695023z.jpg\"><img loading=\"lazy\" decoding=\"async\" class=\"alignnone size-medium wp-image-3515\" src=\"http:\/\/blog.liesdoch.de\/wp-content\/uploads\/2017\/01\/43695023z-197x300.jpg\" alt=\"\" width=\"197\" height=\"300\" srcset=\"https:\/\/blog.liesdoch.de\/wp-content\/uploads\/2017\/01\/43695023z-197x300.jpg 197w, https:\/\/blog.liesdoch.de\/wp-content\/uploads\/2017\/01\/43695023z.jpg 312w\" sizes=\"auto, (max-width: 197px) 100vw, 197px\" \/><\/a><\/p>\n<p>Tanja Kinkel, Schlaf der Vernunft, Droemer 2017, ISBN 978-3-426-30506-5<\/p>\n<p>&nbsp;<\/p>\n<p>Tanja Kinkel, geboren 1969, ist eine der erfolgreichsten zeitgen\u00f6ssischen Schriftstellerinnen in unserem Land.\u00a0 In \u00fcber ein Dutzend Sprachen \u00fcbersetzt, feiern ihre Romane auch im Ausland gro\u00dfe Erfolge. Thematisch hat sie bisher eine\u00a0 gro\u00dfe Bandbreite bew\u00e4ltigt: von der Gr\u00fcndung Roms bis hin\u00a0 zum Amerika des 21. Jahrhunderts reicht ihr literarisches Spektrum.<\/p>\n<p>&nbsp;<\/p>\n<p>Nun hat sie sich in ihrem neuen Roman \u201eSchlaf der Vernunft\u201c, einer Thematik gewidmet,\u00a0 die sie wahrscheinlich auch pers\u00f6nlich schon lange umtreibt. Die Geschichte der Rote Armee Fraktion und ihres Terrors in der alten Bundesrepublik und die Debatten um die Begnadigung verurteilter Terroristen, die Ende der neunziger Jahre die innenpolitische Debatte in der Republik f\u00fcr eine kurze Zeit bestimmte.<\/p>\n<p>&nbsp;<\/p>\n<p>Sie hat dazu Figuren erfunden, wie es sie in der Realit\u00e4t durchaus gegeben haben k\u00f6nnte. Geschickt verwebt sie hervorragend recherchierte historische Fakten und Geschehnisse mit einer intensiven Beziehungsgeschichte zwischen einer Tochter und ihrer Mutter.<\/p>\n<p>&nbsp;<\/p>\n<p>Die Tochter, Angelika Limacher, hat, nachdem ihre Mutter Martina M\u00fcller in den siebziger Jahren nach dem Tod von Holger Meins in den Untergrund ging, jeglichen Kontakt mit ihr abgebrochen. Als Martina M\u00fcller nun im Jahr 1998, der Gegenwartsebene des Romans, im Rahmen einer innenpolitisch motivierten Initiative der Regierung begnadigt wird, hat das Folgen nicht nur f\u00fcr ihre Tochter, sondern auch f\u00fcr die ehemalige Sympathisantin und jetzige Bundestagsabgeordnete Renate, die bei den Gr\u00fcnen aufgestiegen ist und sich in der m\u00f6glichen neuen rot-gr\u00fcnen Regierung ein Regierungsamt erhofft.<\/p>\n<p>&nbsp;<\/p>\n<p>Folgen hat die Freilassung von Martina M\u00fcller aber auch f\u00fcr die Verwandten der Opfer jenes Anschlages auf den Staatssekret\u00e4r Werder, f\u00fcr den Martina M\u00fcller verurteilt wurde und f\u00fcr den einzigen \u00dcberlebenden, den Personensch\u00fctzer Steffen.<\/p>\n<p>&nbsp;<\/p>\n<p>Tanja Kinkel hat ihren Roman so aufgebaut, dass die Frage, wie sich all diese Personen ihrer Vergangenheit stellen, wie so etwas wie Verarbeitung des damaligen und aktuellen Geschehens m\u00f6glich ist, verkn\u00fcpft wird mit der Rekonstruktion dessen, was damals geschehen ist. In zahlreichen R\u00fcckblicken erz\u00e4hlt sie Martinas und auch Renates Geschichte einer politischen Radikalisierung, die f\u00fcr die eine im bewaffneten Kampf und f\u00fcr die andere im Marsch durch die Institutionen endete.<\/p>\n<p>&nbsp;<\/p>\n<p>Deutlich wird vor allem dem Leser, der diese bleierne Zeit nicht miterlebt hat, wie sich der RAF-Terror entwickelte und wie er lange, unverarbeitet, wie ein Schatten \u00fcber dem ganzen Land lag. Vom Kaufhausbrand in Frankfurt, \u00fcber die Befreiung Baaders u.a. bis hin zum G\u00f6ttinger Mescaleroartikel im Jahr 1977 wird die Geschichte literarisch sehr gut aufbereitet und in eine dichte Rahmenhandlung eingewoben, in der das Verh\u00e4ltnis zwischen Angelika und ihrer Mutter im Mittelpunkt steht. Die vielen Gespr\u00e4che, die sie nach ihrer Freilassung auf Sylt f\u00fchren, wohin die beiden zun\u00e4chst einmal auch gegen den Willen von Angelikas Mann Justus\u00a0 gefahren sind, waren f\u00fcr mich der inhaltliche Schwerpunkt eines Buches, das versucht zu verstehen, wie aus einer normalen Frau eine M\u00f6rderin werden konnte, und wie alle Beteiligten nach 20 Jahren zum Teil verzweifelt versuchen, mit den Folgen dieser Tat in ihrem Leben fertig zu werden.<\/p>\n<p>&nbsp;<\/p>\n<p>Gibt es so etwas wie Reue und Einsicht auf der einen Seite? Und gibt es\u00a0 einen denkbaren Ansatz von Vers\u00f6hnung und Neuanfang auf der anderen?\u00a0 Das Buch gibt keine eindeutige Antwort, aber es stellt die richtigen Fragen.<\/p>\n<p>&nbsp;<\/p>\n<p>Wer sich mit der Geschichte der RAF befassen will im Kleid eines spannenden und bewegenden Romans, dem sei dieses Buch sehr empfohlen.<\/p>\n<p>&nbsp;<\/p>\n<p>&nbsp;<\/p>\n<p>&nbsp;<\/p>\n<p>&nbsp;<\/p>\n<p>&nbsp;<\/p>\n<p>&nbsp;<\/p>\n","protected":false},"excerpt":{"rendered":"<p>&nbsp; &nbsp; &nbsp; &nbsp; &nbsp; Tanja Kinkel, Schlaf der Vernunft, Droemer 2017, ISBN 978-3-426-30506-5 &nbsp; Tanja Kinkel, geboren 1969, ist eine der erfolgreichsten zeitgen\u00f6ssischen Schriftstellerinnen in unserem Land.\u00a0 In \u00fcber ein Dutzend Sprachen \u00fcbersetzt, feiern ihre Romane auch im Ausland gro\u00dfe Erfolge. Thematisch hat sie bisher eine\u00a0 gro\u00dfe Bandbreite bew\u00e4ltigt: von der Gr\u00fcndung Roms bis &hellip; <a href=\"https:\/\/blog.liesdoch.de\/?p=3514\" class=\"more-link\"><span class=\"screen-reader-text\">Schlaf der Vernunft<\/span> weiterlesen <span class=\"meta-nav\">&rarr;<\/span><\/a><\/p>\n","protected":false},"author":6,"featured_media":0,"comment_status":"closed","ping_status":"open","sticky":false,"template":"","format":"standard","meta":{"footnotes":""},"categories":[1],"tags":[],"class_list":["post-3514","post","type-post","status-publish","format-standard","hentry","category-allgemein"],"_links":{"self":[{"href":"https:\/\/blog.liesdoch.de\/index.php?rest_route=\/wp\/v2\/posts\/3514","targetHints":{"allow":["GET"]}}],"collection":[{"href":"https:\/\/blog.liesdoch.de\/index.php?rest_route=\/wp\/v2\/posts"}],"about":[{"href":"https:\/\/blog.liesdoch.de\/index.php?rest_route=\/wp\/v2\/types\/post"}],"author":[{"embeddable":true,"href":"https:\/\/blog.liesdoch.de\/index.php?rest_route=\/wp\/v2\/users\/6"}],"replies":[{"embeddable":true,"href":"https:\/\/blog.liesdoch.de\/index.php?rest_route=%2Fwp%2Fv2%2Fcomments&post=3514"}],"version-history":[{"count":1,"href":"https:\/\/blog.liesdoch.de\/index.php?rest_route=\/wp\/v2\/posts\/3514\/revisions"}],"predecessor-version":[{"id":3516,"href":"https:\/\/blog.liesdoch.de\/index.php?rest_route=\/wp\/v2\/posts\/3514\/revisions\/3516"}],"wp:attachment":[{"href":"https:\/\/blog.liesdoch.de\/index.php?rest_route=%2Fwp%2Fv2%2Fmedia&parent=3514"}],"wp:term":[{"taxonomy":"category","embeddable":true,"href":"https:\/\/blog.liesdoch.de\/index.php?rest_route=%2Fwp%2Fv2%2Fcategories&post=3514"},{"taxonomy":"post_tag","embeddable":true,"href":"https:\/\/blog.liesdoch.de\/index.php?rest_route=%2Fwp%2Fv2%2Ftags&post=3514"}],"curies":[{"name":"wp","href":"https:\/\/api.w.org\/{rel}","templated":true}]}}