{"id":3550,"date":"2017-01-31T11:28:57","date_gmt":"2017-01-31T09:28:57","guid":{"rendered":"http:\/\/blog.liesdoch.de\/?p=3550"},"modified":"2017-01-31T11:28:57","modified_gmt":"2017-01-31T09:28:57","slug":"das-kind-und-die-katze","status":"publish","type":"post","link":"https:\/\/blog.liesdoch.de\/?p=3550","title":{"rendered":"Das Kind und die Katze"},"content":{"rendered":"<p>&nbsp;<\/p>\n<p>&nbsp;<\/p>\n<p>&nbsp;<\/p>\n<p>&nbsp;<\/p>\n<p>&nbsp;<\/p>\n<p><a href=\"http:\/\/blog.liesdoch.de\/wp-content\/uploads\/2017\/01\/47021992z.jpg\"><img loading=\"lazy\" decoding=\"async\" class=\"alignnone size-medium wp-image-3551\" src=\"http:\/\/blog.liesdoch.de\/wp-content\/uploads\/2017\/01\/47021992z-198x300.jpg\" alt=\"\" width=\"198\" height=\"300\" srcset=\"https:\/\/blog.liesdoch.de\/wp-content\/uploads\/2017\/01\/47021992z-198x300.jpg 198w, https:\/\/blog.liesdoch.de\/wp-content\/uploads\/2017\/01\/47021992z.jpg 313w\" sizes=\"auto, (max-width: 198px) 100vw, 198px\" \/><\/a><\/p>\n<p>Ingrid Bacher, Rotraut Susanne Berner, Das Kind und die Katze, Hanser 2017, ISBN 978-3-466-25476-3<\/p>\n<p>&nbsp;<\/p>\n<p>&nbsp;<\/p>\n<p>Als Produkt einer wunderbaren Zusammenarbeit erschien 2010 als Heft 33 der bibliophilen Reihe der \u201eTollen Hefte\u201c aus der Edition B\u00fcchergilde eine von Ingrid Bacher schon 1962 im Insel-Almanach erschienene Geschichte, die sie damals f\u00fcr ihre kleine Tochter geschrieben hatte. Nun hat die 1930 geborene Urenkelin von Theodor Storm die Erlaubnis zum Wiederabdruck gegeben, und die bekannte und begnadete Kinderbuchautorin und Zeichnerin Rotraut Susanne Berner (\u201eDie Wimmelb\u00fccher\u201c) hat die Geschichte von dem \u201eKind und der Katze\u201c mit ganz eigenen, die Atmosph\u00e4re der Geschichte genial einfangenden Bildern illustriert. Nach sieben Jahren war es dem Hanser Verlag wert, dieses damals kaum beachtete B\u00fcchlein in sein Kinder- und Jugendprogramm aufzunehmen.<\/p>\n<p>&nbsp;<\/p>\n<p>W\u00e4hrend drau\u00dfen Blitz und Donner und Sturm w\u00fcten ( so wie gestern Abend\u00a0 bei uns), ist ein Kind allein zu Hause und versucht irgendwie mit seiner Angst um zugehen., Das Kind tut es mit der Kraft seiner Fantasie und mit Hilfe der Katze, die es tr\u00f6stet und ihm hilft die Angst zu vergessen.<\/p>\n<p>&nbsp;<\/p>\n<p>In seiner Fantasie macht das Kind die Katze zu einem Verb\u00fcndeten und l\u00e4sst sie immer gr\u00f6\u00dfer und m\u00e4chtiger werden. Die Katze wird zum L\u00f6wen, der den Kampf gegen das Gewitter aufnimmt, und die Angst des Kindes verschwinden l\u00e4sst.<\/p>\n<p>&nbsp;<\/p>\n<p>Es ist eine sehr kurze, daf\u00fcr aber umso intensivere Erz\u00e4hlung, poetisch und sch\u00f6n, die durch die wunderbaren Bilder von Rotraut Susanne Berner erst richtig zu leben beginnt.<\/p>\n<p>&nbsp;<\/p>\n<p>Nun gibt es endlich von dieser fantasievollen und angstbindenden Geschichte eine neue preiswerte Ausgabe.<\/p>\n<p>&nbsp;<\/p>\n","protected":false},"excerpt":{"rendered":"<p>&nbsp; &nbsp; &nbsp; &nbsp; &nbsp; Ingrid Bacher, Rotraut Susanne Berner, Das Kind und die Katze, Hanser 2017, ISBN 978-3-466-25476-3 &nbsp; &nbsp; Als Produkt einer wunderbaren Zusammenarbeit erschien 2010 als Heft 33 der bibliophilen Reihe der \u201eTollen Hefte\u201c aus der Edition B\u00fcchergilde eine von Ingrid Bacher schon 1962 im Insel-Almanach erschienene Geschichte, die sie damals f\u00fcr &hellip; <a href=\"https:\/\/blog.liesdoch.de\/?p=3550\" class=\"more-link\"><span class=\"screen-reader-text\">Das Kind und die Katze<\/span> weiterlesen <span class=\"meta-nav\">&rarr;<\/span><\/a><\/p>\n","protected":false},"author":6,"featured_media":0,"comment_status":"closed","ping_status":"open","sticky":false,"template":"","format":"standard","meta":{"footnotes":""},"categories":[1],"tags":[],"class_list":["post-3550","post","type-post","status-publish","format-standard","hentry","category-allgemein"],"_links":{"self":[{"href":"https:\/\/blog.liesdoch.de\/index.php?rest_route=\/wp\/v2\/posts\/3550","targetHints":{"allow":["GET"]}}],"collection":[{"href":"https:\/\/blog.liesdoch.de\/index.php?rest_route=\/wp\/v2\/posts"}],"about":[{"href":"https:\/\/blog.liesdoch.de\/index.php?rest_route=\/wp\/v2\/types\/post"}],"author":[{"embeddable":true,"href":"https:\/\/blog.liesdoch.de\/index.php?rest_route=\/wp\/v2\/users\/6"}],"replies":[{"embeddable":true,"href":"https:\/\/blog.liesdoch.de\/index.php?rest_route=%2Fwp%2Fv2%2Fcomments&post=3550"}],"version-history":[{"count":1,"href":"https:\/\/blog.liesdoch.de\/index.php?rest_route=\/wp\/v2\/posts\/3550\/revisions"}],"predecessor-version":[{"id":3552,"href":"https:\/\/blog.liesdoch.de\/index.php?rest_route=\/wp\/v2\/posts\/3550\/revisions\/3552"}],"wp:attachment":[{"href":"https:\/\/blog.liesdoch.de\/index.php?rest_route=%2Fwp%2Fv2%2Fmedia&parent=3550"}],"wp:term":[{"taxonomy":"category","embeddable":true,"href":"https:\/\/blog.liesdoch.de\/index.php?rest_route=%2Fwp%2Fv2%2Fcategories&post=3550"},{"taxonomy":"post_tag","embeddable":true,"href":"https:\/\/blog.liesdoch.de\/index.php?rest_route=%2Fwp%2Fv2%2Ftags&post=3550"}],"curies":[{"name":"wp","href":"https:\/\/api.w.org\/{rel}","templated":true}]}}