{"id":3558,"date":"2017-02-01T09:27:59","date_gmt":"2017-02-01T07:27:59","guid":{"rendered":"http:\/\/blog.liesdoch.de\/?p=3558"},"modified":"2017-02-01T09:27:59","modified_gmt":"2017-02-01T07:27:59","slug":"warum-bist-du-nicht-vor-dem-krieg-gekommen","status":"publish","type":"post","link":"https:\/\/blog.liesdoch.de\/?p=3558","title":{"rendered":"Warum bist du nicht vor dem Krieg gekommen?"},"content":{"rendered":"<p>&nbsp;<\/p>\n<p>&nbsp;<\/p>\n<p>&nbsp;<\/p>\n<p><a href=\"http:\/\/blog.liesdoch.de\/wp-content\/uploads\/2017\/02\/44876783z.jpg\"><img loading=\"lazy\" decoding=\"async\" class=\"alignnone size-medium wp-image-3559\" src=\"http:\/\/blog.liesdoch.de\/wp-content\/uploads\/2017\/02\/44876783z-188x300.jpg\" alt=\"\" width=\"188\" height=\"300\" srcset=\"https:\/\/blog.liesdoch.de\/wp-content\/uploads\/2017\/02\/44876783z-188x300.jpg 188w, https:\/\/blog.liesdoch.de\/wp-content\/uploads\/2017\/02\/44876783z.jpg 298w\" sizes=\"auto, (max-width: 188px) 100vw, 188px\" \/><\/a><\/p>\n<p>&nbsp;<\/p>\n<p>Lizzie Doron, Warum bist du nicht vor dem Krieg gekommen, DTV 2017, ISBN 978-3-423-14545-9<\/p>\n<p>Helena kommt von \u201edort&#8220;, jenem f\u00fcr die \u00dcberlebenden unaussprechlichen Ort mit dem deutschen Namen Buchenwald. Sie hat das Vernichtungslager \u00fcberlebt und ist unter gro\u00dfen Anstrengungen nach Israel gekommen. Hier \u00e4hnelt ihre Geschichte der von Aharon Appelfeld (\u201eGeschichte eines Lebens&#8220; &#8211; 2005).<br \/>\nIn Israel bekommt sie 1953 eine Tochter und gibt ihr den Namen Elisabeth. Und diese Elisabeth wird genau 45 Jahre sp\u00e4ter &#8211; Helena ist schon 8 Jahre tot &#8211; ihre Geschichte aufschreiben und sie ver\u00f6ffentlichen.<br \/>\nLizzie Doron erz\u00e4hlt von ihrer Mutter in kleinen, zwischen 6 und 10 Seiten umfassenden Geschichten, die mit zu der dichtesten Literatur geh\u00f6ren, die ich je gelesen habe. In diesen Prosaminiaturen berichtet sie in einer wunderbaren, von Mirjam Pressler sehr sensibel ins Deutsche \u00fcbersetzten Sprache von den Erfahrungen ihrer Mutter. Immer wieder will Helena, die von ihrer Umwelt auf den ersten Blick f\u00fcr verr\u00fcckt gehalten wird, erz\u00e4hlen von dem, was sie im Lager erlebt hat. Und sie dr\u00fcckt es auf seltsam-eigenartig tiefgehende und die Seelen ihrer Mitmenschen ergreifende Art und Weise aus.<br \/>\nW\u00e4hrend die Literatur der \u00dcberlebenden der Shoah in den letzten Jahren wieder eine Renaissance erlebt (vgl. die B\u00fccher von Appelfeld), sind B\u00fccher, die von der zweiten Generation geschrieben wurden, den S\u00f6hnen und T\u00f6chtern der \u00dcberlebenden, eher selten. \u201eWarum bist du nicht vor dem Krieg gekommen&#8220; z\u00e4hlt sicher zu den besten von allen.<br \/>\nInzwischen z\u00e4hlt es zu dem f\u00fcr israelische Schulen empfohlenen Lekt\u00fcrekanon.<br \/>\nHat man dieses Buch einmal in die Hand genommen, legt man es nicht mehr weg bis zur letzten Seite. Es ist ein Buch voller Witz und Trauer, das in wenigen Worten etwas begreiflich machen kann vom \u00dcberleben \u201etrotz allem&#8220;.<\/p>\n","protected":false},"excerpt":{"rendered":"<p>&nbsp; &nbsp; &nbsp; &nbsp; Lizzie Doron, Warum bist du nicht vor dem Krieg gekommen, DTV 2017, ISBN 978-3-423-14545-9 Helena kommt von \u201edort&#8220;, jenem f\u00fcr die \u00dcberlebenden unaussprechlichen Ort mit dem deutschen Namen Buchenwald. Sie hat das Vernichtungslager \u00fcberlebt und ist unter gro\u00dfen Anstrengungen nach Israel gekommen. Hier \u00e4hnelt ihre Geschichte der von Aharon Appelfeld (\u201eGeschichte &hellip; <a href=\"https:\/\/blog.liesdoch.de\/?p=3558\" class=\"more-link\"><span class=\"screen-reader-text\">Warum bist du nicht vor dem Krieg gekommen?<\/span> weiterlesen <span class=\"meta-nav\">&rarr;<\/span><\/a><\/p>\n","protected":false},"author":6,"featured_media":0,"comment_status":"closed","ping_status":"open","sticky":false,"template":"","format":"standard","meta":{"footnotes":""},"categories":[1],"tags":[],"class_list":["post-3558","post","type-post","status-publish","format-standard","hentry","category-allgemein"],"_links":{"self":[{"href":"https:\/\/blog.liesdoch.de\/index.php?rest_route=\/wp\/v2\/posts\/3558","targetHints":{"allow":["GET"]}}],"collection":[{"href":"https:\/\/blog.liesdoch.de\/index.php?rest_route=\/wp\/v2\/posts"}],"about":[{"href":"https:\/\/blog.liesdoch.de\/index.php?rest_route=\/wp\/v2\/types\/post"}],"author":[{"embeddable":true,"href":"https:\/\/blog.liesdoch.de\/index.php?rest_route=\/wp\/v2\/users\/6"}],"replies":[{"embeddable":true,"href":"https:\/\/blog.liesdoch.de\/index.php?rest_route=%2Fwp%2Fv2%2Fcomments&post=3558"}],"version-history":[{"count":1,"href":"https:\/\/blog.liesdoch.de\/index.php?rest_route=\/wp\/v2\/posts\/3558\/revisions"}],"predecessor-version":[{"id":3560,"href":"https:\/\/blog.liesdoch.de\/index.php?rest_route=\/wp\/v2\/posts\/3558\/revisions\/3560"}],"wp:attachment":[{"href":"https:\/\/blog.liesdoch.de\/index.php?rest_route=%2Fwp%2Fv2%2Fmedia&parent=3558"}],"wp:term":[{"taxonomy":"category","embeddable":true,"href":"https:\/\/blog.liesdoch.de\/index.php?rest_route=%2Fwp%2Fv2%2Fcategories&post=3558"},{"taxonomy":"post_tag","embeddable":true,"href":"https:\/\/blog.liesdoch.de\/index.php?rest_route=%2Fwp%2Fv2%2Ftags&post=3558"}],"curies":[{"name":"wp","href":"https:\/\/api.w.org\/{rel}","templated":true}]}}