{"id":3583,"date":"2017-02-06T12:39:42","date_gmt":"2017-02-06T10:39:42","guid":{"rendered":"http:\/\/blog.liesdoch.de\/?p=3583"},"modified":"2017-02-06T12:39:42","modified_gmt":"2017-02-06T10:39:42","slug":"gesund-beginn-im-mund","status":"publish","type":"post","link":"https:\/\/blog.liesdoch.de\/?p=3583","title":{"rendered":"Gesund beginn im Mund"},"content":{"rendered":"<p>&nbsp;<\/p>\n<p>&nbsp;<\/p>\n<p>&nbsp;<\/p>\n<p>&nbsp;<\/p>\n<p><a href=\"http:\/\/blog.liesdoch.de\/wp-content\/uploads\/2017\/02\/44936550z.jpg\"><img loading=\"lazy\" decoding=\"async\" class=\"alignnone size-medium wp-image-3584\" src=\"http:\/\/blog.liesdoch.de\/wp-content\/uploads\/2017\/02\/44936550z-195x300.jpg\" alt=\"\" width=\"195\" height=\"300\" srcset=\"https:\/\/blog.liesdoch.de\/wp-content\/uploads\/2017\/02\/44936550z-195x300.jpg 195w, https:\/\/blog.liesdoch.de\/wp-content\/uploads\/2017\/02\/44936550z.jpg 309w\" sizes=\"auto, (max-width: 195px) 100vw, 195px\" \/><\/a><\/p>\n<p>Hubertus von Treuenfels, Gesund beginnt im Mund, Knaur 2017, ISBN 978-3-426-65900-0<\/p>\n<p>&nbsp;<\/p>\n<p>&nbsp;<\/p>\n<p>Systemisches Denken h\u00e4lt nun auch Einzug in die Zahnmedizin. Der in Eutin praktizierende und in Basel lehrende Experte f\u00fcr Systemische Kieferorthop\u00e4die (SKFO) und Kiefergelenkserkrankungen Hubertus von Treuenfels zeigt in seinem hier vorliegenden Buch \u201cGesund beginnt im Mund\u201c die Ergebnisse der von ihm initiierten Systemischen Zahnmedizin.<\/p>\n<p>So wie auch in anderen Bereichen des K\u00f6rpers verschiedene Teilbereiche intensiv miteinander vernetzt sind, und deshalb in ihrer Funktion oder Fehlfunktion voneinander abh\u00e4ngig sind, so gibt es auch zwischen Mund, Seele und K\u00f6rper ein bisher weitgehend unbekanntes Wechselspiel.<\/p>\n<p>&nbsp;<\/p>\n<p>Hubertus von Treuenfels erkl\u00e4rt in seinem Gesundheitsratgeber diese Zusammenh\u00e4nge sehr anschaulich und gibt viele interessante Fallbespiele.<\/p>\n<p>&nbsp;<\/p>\n<p>Auf diese Weise erm\u00e4chtigt er den Leser, selbst seine Gesundheitsvorsorge und ggf. Heilung in die Hand zu nehmen.<\/p>\n<p>&nbsp;<\/p>\n<p>&nbsp;<\/p>\n<p>&nbsp;<\/p>\n<p>&nbsp;<\/p>\n","protected":false},"excerpt":{"rendered":"<p>&nbsp; &nbsp; &nbsp; &nbsp; Hubertus von Treuenfels, Gesund beginnt im Mund, Knaur 2017, ISBN 978-3-426-65900-0 &nbsp; &nbsp; Systemisches Denken h\u00e4lt nun auch Einzug in die Zahnmedizin. Der in Eutin praktizierende und in Basel lehrende Experte f\u00fcr Systemische Kieferorthop\u00e4die (SKFO) und Kiefergelenkserkrankungen Hubertus von Treuenfels zeigt in seinem hier vorliegenden Buch \u201cGesund beginnt im Mund\u201c die &hellip; <a href=\"https:\/\/blog.liesdoch.de\/?p=3583\" class=\"more-link\"><span class=\"screen-reader-text\">Gesund beginn im Mund<\/span> weiterlesen <span class=\"meta-nav\">&rarr;<\/span><\/a><\/p>\n","protected":false},"author":6,"featured_media":0,"comment_status":"closed","ping_status":"open","sticky":false,"template":"","format":"standard","meta":{"footnotes":""},"categories":[1],"tags":[],"class_list":["post-3583","post","type-post","status-publish","format-standard","hentry","category-allgemein"],"_links":{"self":[{"href":"https:\/\/blog.liesdoch.de\/index.php?rest_route=\/wp\/v2\/posts\/3583","targetHints":{"allow":["GET"]}}],"collection":[{"href":"https:\/\/blog.liesdoch.de\/index.php?rest_route=\/wp\/v2\/posts"}],"about":[{"href":"https:\/\/blog.liesdoch.de\/index.php?rest_route=\/wp\/v2\/types\/post"}],"author":[{"embeddable":true,"href":"https:\/\/blog.liesdoch.de\/index.php?rest_route=\/wp\/v2\/users\/6"}],"replies":[{"embeddable":true,"href":"https:\/\/blog.liesdoch.de\/index.php?rest_route=%2Fwp%2Fv2%2Fcomments&post=3583"}],"version-history":[{"count":1,"href":"https:\/\/blog.liesdoch.de\/index.php?rest_route=\/wp\/v2\/posts\/3583\/revisions"}],"predecessor-version":[{"id":3585,"href":"https:\/\/blog.liesdoch.de\/index.php?rest_route=\/wp\/v2\/posts\/3583\/revisions\/3585"}],"wp:attachment":[{"href":"https:\/\/blog.liesdoch.de\/index.php?rest_route=%2Fwp%2Fv2%2Fmedia&parent=3583"}],"wp:term":[{"taxonomy":"category","embeddable":true,"href":"https:\/\/blog.liesdoch.de\/index.php?rest_route=%2Fwp%2Fv2%2Fcategories&post=3583"},{"taxonomy":"post_tag","embeddable":true,"href":"https:\/\/blog.liesdoch.de\/index.php?rest_route=%2Fwp%2Fv2%2Ftags&post=3583"}],"curies":[{"name":"wp","href":"https:\/\/api.w.org\/{rel}","templated":true}]}}