{"id":3591,"date":"2017-02-06T13:05:44","date_gmt":"2017-02-06T11:05:44","guid":{"rendered":"http:\/\/blog.liesdoch.de\/?p=3591"},"modified":"2017-02-06T13:05:44","modified_gmt":"2017-02-06T11:05:44","slug":"hoer-mal-wer-da-miaut-und-bellt","status":"publish","type":"post","link":"https:\/\/blog.liesdoch.de\/?p=3591","title":{"rendered":"H\u00f6r mal, wer da miaut und bellt"},"content":{"rendered":"<p>&nbsp;<\/p>\n<p>&nbsp;<\/p>\n<p>&nbsp;<\/p>\n<p>&nbsp;<\/p>\n<p><a href=\"http:\/\/blog.liesdoch.de\/wp-content\/uploads\/2017\/02\/45789381z.jpg\"><img loading=\"lazy\" decoding=\"async\" class=\"alignnone size-medium wp-image-3592\" src=\"http:\/\/blog.liesdoch.de\/wp-content\/uploads\/2017\/02\/45789381z-296x300.jpg\" alt=\"\" width=\"296\" height=\"300\" srcset=\"https:\/\/blog.liesdoch.de\/wp-content\/uploads\/2017\/02\/45789381z-296x300.jpg 296w, https:\/\/blog.liesdoch.de\/wp-content\/uploads\/2017\/02\/45789381z.jpg 469w\" sizes=\"auto, (max-width: 296px) 100vw, 296px\" \/><\/a><\/p>\n<p>Kerstin M. Schuld, H\u00f6r mal, wer da miaut und bellt, Coppenrath 2017, ISBN 978-3-649-62272-7<\/p>\n<p>&nbsp;<\/p>\n<p>In insgesamt f\u00fcnf Bildern wird in diesem sch\u00f6nen Bilderbuch f\u00fcr kleine Kinder zwischen 18 und 24 Monaten das Sprechen und Entdecken ge\u00fcbt.\u00a0 Mit einem Fingerdruck auf ein Button mit einem entsprechenden Bild k\u00f6nnen sie die einzelnen Seiten zum T\u00f6nen bringen.<\/p>\n<p>&nbsp;<\/p>\n<p>Abgebildet sind Szenen von Tieren. Entweder spielen Kinder mit ihnen wie bei den Katzen und Hund, oder sie beobachten sie, wie die M\u00e4use und die Hamster. Die Wellensittiche sind wie die Kinder auch eher gesellige Wesen, wie auf der f\u00fcnften Seite zu sehen ist.<\/p>\n<p>&nbsp;<\/p>\n<p>Das Ger\u00e4usch der jeweiligen Tierstimmen, das die Kinder per Knopfdruck aktivieren k\u00f6nnen, ist echt und nicht zu laut, ebenfalls nicht zu lang und damit werden H\u00f6rsinn und der Sehsinn gleicherma\u00dfen gut angesprochen.<\/p>\n<p>&nbsp;<\/p>\n","protected":false},"excerpt":{"rendered":"<p>&nbsp; &nbsp; &nbsp; &nbsp; Kerstin M. Schuld, H\u00f6r mal, wer da miaut und bellt, Coppenrath 2017, ISBN 978-3-649-62272-7 &nbsp; In insgesamt f\u00fcnf Bildern wird in diesem sch\u00f6nen Bilderbuch f\u00fcr kleine Kinder zwischen 18 und 24 Monaten das Sprechen und Entdecken ge\u00fcbt.\u00a0 Mit einem Fingerdruck auf ein Button mit einem entsprechenden Bild k\u00f6nnen sie die einzelnen &hellip; <a href=\"https:\/\/blog.liesdoch.de\/?p=3591\" class=\"more-link\"><span class=\"screen-reader-text\">H\u00f6r mal, wer da miaut und bellt<\/span> weiterlesen <span class=\"meta-nav\">&rarr;<\/span><\/a><\/p>\n","protected":false},"author":6,"featured_media":0,"comment_status":"closed","ping_status":"open","sticky":false,"template":"","format":"standard","meta":{"footnotes":""},"categories":[1],"tags":[],"class_list":["post-3591","post","type-post","status-publish","format-standard","hentry","category-allgemein"],"_links":{"self":[{"href":"https:\/\/blog.liesdoch.de\/index.php?rest_route=\/wp\/v2\/posts\/3591","targetHints":{"allow":["GET"]}}],"collection":[{"href":"https:\/\/blog.liesdoch.de\/index.php?rest_route=\/wp\/v2\/posts"}],"about":[{"href":"https:\/\/blog.liesdoch.de\/index.php?rest_route=\/wp\/v2\/types\/post"}],"author":[{"embeddable":true,"href":"https:\/\/blog.liesdoch.de\/index.php?rest_route=\/wp\/v2\/users\/6"}],"replies":[{"embeddable":true,"href":"https:\/\/blog.liesdoch.de\/index.php?rest_route=%2Fwp%2Fv2%2Fcomments&post=3591"}],"version-history":[{"count":1,"href":"https:\/\/blog.liesdoch.de\/index.php?rest_route=\/wp\/v2\/posts\/3591\/revisions"}],"predecessor-version":[{"id":3593,"href":"https:\/\/blog.liesdoch.de\/index.php?rest_route=\/wp\/v2\/posts\/3591\/revisions\/3593"}],"wp:attachment":[{"href":"https:\/\/blog.liesdoch.de\/index.php?rest_route=%2Fwp%2Fv2%2Fmedia&parent=3591"}],"wp:term":[{"taxonomy":"category","embeddable":true,"href":"https:\/\/blog.liesdoch.de\/index.php?rest_route=%2Fwp%2Fv2%2Fcategories&post=3591"},{"taxonomy":"post_tag","embeddable":true,"href":"https:\/\/blog.liesdoch.de\/index.php?rest_route=%2Fwp%2Fv2%2Ftags&post=3591"}],"curies":[{"name":"wp","href":"https:\/\/api.w.org\/{rel}","templated":true}]}}