{"id":3648,"date":"2017-02-14T11:58:26","date_gmt":"2017-02-14T09:58:26","guid":{"rendered":"http:\/\/blog.liesdoch.de\/?p=3648"},"modified":"2017-02-14T11:58:26","modified_gmt":"2017-02-14T09:58:26","slug":"schwarze-flaggen","status":"publish","type":"post","link":"https:\/\/blog.liesdoch.de\/?p=3648","title":{"rendered":"Schwarze Flaggen"},"content":{"rendered":"<p>&nbsp;<\/p>\n<p>&nbsp;<\/p>\n<p>&nbsp;<\/p>\n<p>&nbsp;<\/p>\n<p><a href=\"http:\/\/blog.liesdoch.de\/wp-content\/uploads\/2017\/02\/46922244z.jpg\"><img loading=\"lazy\" decoding=\"async\" class=\"alignnone size-medium wp-image-3649\" src=\"http:\/\/blog.liesdoch.de\/wp-content\/uploads\/2017\/02\/46922244z-213x300.jpg\" alt=\"\" width=\"213\" height=\"300\" srcset=\"https:\/\/blog.liesdoch.de\/wp-content\/uploads\/2017\/02\/46922244z-213x300.jpg 213w, https:\/\/blog.liesdoch.de\/wp-content\/uploads\/2017\/02\/46922244z.jpg 337w\" sizes=\"auto, (max-width: 213px) 100vw, 213px\" \/><\/a><\/p>\n<p>Joby Warrick, Schwarze Flaggen, Theiss Verlag 2017, ISBN 978-3-8062-3477-0<\/p>\n<p>&nbsp;<\/p>\n<p>&nbsp;<\/p>\n<p>Dieses mit dem Pulitzerpreis in den USA ausgezeichnete Buch des Journalisten der \u201eWashington Post\u201c Joby Warrick erz\u00e4hlt wie in einem politischen Agentenroman auf spannende Weise die Geschichte des Aufstiegs des IS. Es ist eine packende Reportage eines begnadeten Erz\u00e4hlers, die das ganze Ausma\u00df einer neuen Bedrohung f\u00fcr Europa aufzeigt.<\/p>\n<p>&nbsp;<\/p>\n<p>In den Vierteln europ\u00e4ischer St\u00e4dte mit hohem Migrantenanteil, in den Banden mit klar definierten Regeln und Werten wie Furcht und Respekt dominieren, sieht Warrick ein schier unersch\u00f6pfliches Rekrutierungspotential f\u00fcr die \u201eSchwarze Flagge\u201c, weil der IS nach den gleichen \u201eCodes der Gangsterbanden\u201c aufgebaut ist und funktioniert. \u201eZugleich bietet er seinen jungen Rekruten etwas, das die meisten von ihnen zu Hause niemals hatten: das Gef\u00fchl, dass sie endlich jemand sind.\u201c<\/p>\n<p>&nbsp;<\/p>\n<p>Weil die Zahl dieser jungen Menschen ohne Perspektive schon allein durch die h\u00f6here Geburtenrate der Migranten und ihre Bildungsferne , aber auch ihre Integrationsresistenz immer weiter zunehmen wird, sind das wenig hoffnungsvolle Aussichten f\u00fcr unsere Gesellschaften.<\/p>\n<p>&nbsp;<\/p>\n<p>Ein ern\u00fcchterndes Buch.<\/p>\n","protected":false},"excerpt":{"rendered":"<p>&nbsp; &nbsp; &nbsp; &nbsp; Joby Warrick, Schwarze Flaggen, Theiss Verlag 2017, ISBN 978-3-8062-3477-0 &nbsp; &nbsp; Dieses mit dem Pulitzerpreis in den USA ausgezeichnete Buch des Journalisten der \u201eWashington Post\u201c Joby Warrick erz\u00e4hlt wie in einem politischen Agentenroman auf spannende Weise die Geschichte des Aufstiegs des IS. Es ist eine packende Reportage eines begnadeten Erz\u00e4hlers, die &hellip; <a href=\"https:\/\/blog.liesdoch.de\/?p=3648\" class=\"more-link\"><span class=\"screen-reader-text\">Schwarze Flaggen<\/span> weiterlesen <span class=\"meta-nav\">&rarr;<\/span><\/a><\/p>\n","protected":false},"author":6,"featured_media":0,"comment_status":"closed","ping_status":"open","sticky":false,"template":"","format":"standard","meta":{"footnotes":""},"categories":[1],"tags":[],"class_list":["post-3648","post","type-post","status-publish","format-standard","hentry","category-allgemein"],"_links":{"self":[{"href":"https:\/\/blog.liesdoch.de\/index.php?rest_route=\/wp\/v2\/posts\/3648","targetHints":{"allow":["GET"]}}],"collection":[{"href":"https:\/\/blog.liesdoch.de\/index.php?rest_route=\/wp\/v2\/posts"}],"about":[{"href":"https:\/\/blog.liesdoch.de\/index.php?rest_route=\/wp\/v2\/types\/post"}],"author":[{"embeddable":true,"href":"https:\/\/blog.liesdoch.de\/index.php?rest_route=\/wp\/v2\/users\/6"}],"replies":[{"embeddable":true,"href":"https:\/\/blog.liesdoch.de\/index.php?rest_route=%2Fwp%2Fv2%2Fcomments&post=3648"}],"version-history":[{"count":1,"href":"https:\/\/blog.liesdoch.de\/index.php?rest_route=\/wp\/v2\/posts\/3648\/revisions"}],"predecessor-version":[{"id":3650,"href":"https:\/\/blog.liesdoch.de\/index.php?rest_route=\/wp\/v2\/posts\/3648\/revisions\/3650"}],"wp:attachment":[{"href":"https:\/\/blog.liesdoch.de\/index.php?rest_route=%2Fwp%2Fv2%2Fmedia&parent=3648"}],"wp:term":[{"taxonomy":"category","embeddable":true,"href":"https:\/\/blog.liesdoch.de\/index.php?rest_route=%2Fwp%2Fv2%2Fcategories&post=3648"},{"taxonomy":"post_tag","embeddable":true,"href":"https:\/\/blog.liesdoch.de\/index.php?rest_route=%2Fwp%2Fv2%2Ftags&post=3648"}],"curies":[{"name":"wp","href":"https:\/\/api.w.org\/{rel}","templated":true}]}}