{"id":3656,"date":"2017-02-15T11:15:46","date_gmt":"2017-02-15T09:15:46","guid":{"rendered":"http:\/\/blog.liesdoch.de\/?p=3656"},"modified":"2017-02-15T11:15:46","modified_gmt":"2017-02-15T09:15:46","slug":"mama-das-schwarze-loch","status":"publish","type":"post","link":"https:\/\/blog.liesdoch.de\/?p=3656","title":{"rendered":"Mama &amp; das schwarze Loch"},"content":{"rendered":"<p>&nbsp;<\/p>\n<p>&nbsp;<\/p>\n<p>&nbsp;<\/p>\n<p>&nbsp;<\/p>\n<p>&nbsp;<\/p>\n<p><a href=\"http:\/\/blog.liesdoch.de\/wp-content\/uploads\/2017\/02\/41842495z.jpg\"><img loading=\"lazy\" decoding=\"async\" class=\"alignnone size-medium wp-image-3657\" src=\"http:\/\/blog.liesdoch.de\/wp-content\/uploads\/2017\/02\/41842495z-227x300.jpg\" alt=\"\" width=\"227\" height=\"300\" srcset=\"https:\/\/blog.liesdoch.de\/wp-content\/uploads\/2017\/02\/41842495z-227x300.jpg 227w, https:\/\/blog.liesdoch.de\/wp-content\/uploads\/2017\/02\/41842495z.jpg 360w\" sizes=\"auto, (max-width: 227px) 100vw, 227px\" \/><\/a><\/p>\n<p>Leonora Leitl, Mama &amp; das schwarze Loch, Tyrolia 2015, ISBN 978-3-7022-3436-2<\/p>\n<p>&nbsp;<\/p>\n<p>Dieses mehrfach ausgezeichnete Bilderbuch von Leonora Leitl thematisiert die schwierige Lebenssituation einer alleinerziehenden Mutter und ihrer Tochter Adele. Es gibt noch eine Oma namens Mizzi, die manchmal zu Besuch kommt. Adeles Vater ist nur mit einem Foto an der Wand anwesend. Er selbst hat sich\u00a0 schon vor Jahren mit einer Architektin aus dem Staub gemacht und das ganze Geld der Familie mitgenommen.<\/p>\n<p>&nbsp;<\/p>\n<p>Adeles Mama ist mit ihrer Situation und der Doppelbelastung Arbeit, Haushalt und Erziehung zunehmend \u00fcberfordert. Sie ist immer m\u00fcde und ausgebrannt und verschwindet f\u00fcr Adele schlie\u00dflich einem schwarzen Loch.<\/p>\n<p>&nbsp;<\/p>\n<p>Doch der Feuerschlucker Fernando aus dem Zirkus wei\u00df einen guten Rat und packt zusammen mit seinen Artistenkollegen an.<\/p>\n<p>&nbsp;<\/p>\n<p>Wahrhaftig eine Geschichte aus dem wirklichen Leben.<\/p>\n","protected":false},"excerpt":{"rendered":"<p>&nbsp; &nbsp; &nbsp; &nbsp; &nbsp; Leonora Leitl, Mama &amp; das schwarze Loch, Tyrolia 2015, ISBN 978-3-7022-3436-2 &nbsp; Dieses mehrfach ausgezeichnete Bilderbuch von Leonora Leitl thematisiert die schwierige Lebenssituation einer alleinerziehenden Mutter und ihrer Tochter Adele. Es gibt noch eine Oma namens Mizzi, die manchmal zu Besuch kommt. Adeles Vater ist nur mit einem Foto an &hellip; <a href=\"https:\/\/blog.liesdoch.de\/?p=3656\" class=\"more-link\"><span class=\"screen-reader-text\">Mama &amp; das schwarze Loch<\/span> weiterlesen <span class=\"meta-nav\">&rarr;<\/span><\/a><\/p>\n","protected":false},"author":6,"featured_media":0,"comment_status":"closed","ping_status":"open","sticky":false,"template":"","format":"standard","meta":{"footnotes":""},"categories":[1],"tags":[],"class_list":["post-3656","post","type-post","status-publish","format-standard","hentry","category-allgemein"],"_links":{"self":[{"href":"https:\/\/blog.liesdoch.de\/index.php?rest_route=\/wp\/v2\/posts\/3656","targetHints":{"allow":["GET"]}}],"collection":[{"href":"https:\/\/blog.liesdoch.de\/index.php?rest_route=\/wp\/v2\/posts"}],"about":[{"href":"https:\/\/blog.liesdoch.de\/index.php?rest_route=\/wp\/v2\/types\/post"}],"author":[{"embeddable":true,"href":"https:\/\/blog.liesdoch.de\/index.php?rest_route=\/wp\/v2\/users\/6"}],"replies":[{"embeddable":true,"href":"https:\/\/blog.liesdoch.de\/index.php?rest_route=%2Fwp%2Fv2%2Fcomments&post=3656"}],"version-history":[{"count":1,"href":"https:\/\/blog.liesdoch.de\/index.php?rest_route=\/wp\/v2\/posts\/3656\/revisions"}],"predecessor-version":[{"id":3658,"href":"https:\/\/blog.liesdoch.de\/index.php?rest_route=\/wp\/v2\/posts\/3656\/revisions\/3658"}],"wp:attachment":[{"href":"https:\/\/blog.liesdoch.de\/index.php?rest_route=%2Fwp%2Fv2%2Fmedia&parent=3656"}],"wp:term":[{"taxonomy":"category","embeddable":true,"href":"https:\/\/blog.liesdoch.de\/index.php?rest_route=%2Fwp%2Fv2%2Fcategories&post=3656"},{"taxonomy":"post_tag","embeddable":true,"href":"https:\/\/blog.liesdoch.de\/index.php?rest_route=%2Fwp%2Fv2%2Ftags&post=3656"}],"curies":[{"name":"wp","href":"https:\/\/api.w.org\/{rel}","templated":true}]}}