{"id":3690,"date":"2017-02-20T13:40:38","date_gmt":"2017-02-20T11:40:38","guid":{"rendered":"http:\/\/blog.liesdoch.de\/?p=3690"},"modified":"2017-02-20T13:40:38","modified_gmt":"2017-02-20T11:40:38","slug":"wehe-du-bist-alt-und-wirst-krank","status":"publish","type":"post","link":"https:\/\/blog.liesdoch.de\/?p=3690","title":{"rendered":"Wehe du bist alt und wirst krank"},"content":{"rendered":"<p>&nbsp;<\/p>\n<p>&nbsp;<\/p>\n<p>&nbsp;<\/p>\n<p><a href=\"http:\/\/blog.liesdoch.de\/wp-content\/uploads\/2017\/02\/46904217z.jpg\"><img loading=\"lazy\" decoding=\"async\" class=\"alignnone size-medium wp-image-3691\" src=\"http:\/\/blog.liesdoch.de\/wp-content\/uploads\/2017\/02\/46904217z-188x300.jpg\" alt=\"\" width=\"188\" height=\"300\" srcset=\"https:\/\/blog.liesdoch.de\/wp-content\/uploads\/2017\/02\/46904217z-188x300.jpg 188w, https:\/\/blog.liesdoch.de\/wp-content\/uploads\/2017\/02\/46904217z.jpg 297w\" sizes=\"auto, (max-width: 188px) 100vw, 188px\" \/><\/a><\/p>\n<p>&nbsp;<\/p>\n<p>Raimund Schmid, Wehe du bist alt und wirst krank, Beltz 2017, ISBN 978-3-407-86436-9<\/p>\n<p>&nbsp;<\/p>\n<p>Es ist ein ersch\u00fctterndes Bild, das der Gesundheits- und Medizinjournalist Raimund Schmid in seinem hier vorliegenden Buch von den \u201eMissst\u00e4nden in der Altersmedizin\u201c zeichnet.<\/p>\n<p>&nbsp;<\/p>\n<p>Angesichts des \u201cdemographischen Tsunamis\u201c, den er auf unsere Gesellschaft zurollen sieht, wird der von ihm beschriebene Zustand meiner Meinung nach wohl auch nicht wesentlich besser werden, obwohl er am Ende jedes Kapitels einige zukunftsweisende Modelle mit praktikablen und an manchen Orten bew\u00e4hrten Methoden beschreibt.<\/p>\n<p>&nbsp;<\/p>\n<p>Die Flut an Medikamenten, die auch Angeh\u00f6rige alter Patienten nicht mehr \u00fcberblicken k\u00f6nnen, die \u00dcberlastung der Haus\u00e4rzte angesichts immer mehr geriatrischer Patienten, das Auslaufmodell Hausbesuch, obwohl alte Menschen dringend auf solche Besuche angewiesen sind, die schlechte Versorgung in den Krankenh\u00e4usern und die katastrophalen Zust\u00e4nde bei der geriatrischen Reha und in manchen Altenheimen\u00a0 &#8211; all diese Beschreibungen lassen einen bange jenem Tag entgegensehen, an dem ein altes Familienmitglied erkrankt und f\u00fcr es dieser Kreislauf beginnt, und erst recht ist man besorgt, wie es wohl in etlichen Jahren oder Jahrzehnten mit noch viel mehr hochbetagten Patienten einem selbst ergehen wird.<\/p>\n<p>&nbsp;<\/p>\n<p>Der Rezensent hat diesen Weg im vergangenen Jahr bei einem Familienmitglied erlebt und begleitet und kann vieles von dem, was\u00a0 Raimund Schmid in seinem Buch beschreibt, best\u00e4tigen. Deshalb habe ich die 45 wichtigen Tipps f\u00fcr Senioren und ihre Angeh\u00f6rigen, die er an das Ende seines Buches stellt, mit Aufmerksamkeit und Zustimmung gelesen.<\/p>\n<p>&nbsp;<\/p>\n<p>Fazit ist, dass es schon heute rein rechtlich mehr M\u00f6glichkeiten und angemessene und menschliche L\u00f6sungen gibt, als herk\u00f6mmlich bekannt ist. Es empfiehlt sich, sich fr\u00fchzeitig, lange bevor es zu einer (oft pl\u00f6tzlichen \u00fcber Nacht auftauchenden) Erkrankung kommt, kundig zu machen. Und dann, noch wenn der Patient im Krankenhaus ist, mit einem der zahlreichen \u00f6rtlichen Pflegedienste Kontakt aufzunehmen. Auch die haben einen Ruf, \u00fcber den man sich auch schon vor einer Erkrankung kundig machen kann. Pflegedienste arbeiten zwar alle nach den gleichen rechtlichen Vorschriften, haben aber \u00e4hnlich wie Altenheime sehr unterschiedliche Standards und Qualit\u00e4tsanspr\u00fcche an ihre Arbeit.<\/p>\n<p>&nbsp;<\/p>\n<p>Die 20 Rezepte f\u00fcr die Politik bis 2020, die Raimund Schmid benennt, m\u00fcssten angesichts der Dringlichkeit des Problems viel st\u00e4rker in die politische Debatte auch angesichts der Wahlen in diesem Jahr aufgenommen werden. Diese Rezepte zeigen, dass durchaus sehr viel Positives getan werden kann, um eine menschenw\u00fcrdige Versorgung im Alter zu erm\u00f6glichen und sicherzustellen.<\/p>\n<p>&nbsp;<\/p>\n","protected":false},"excerpt":{"rendered":"<p>&nbsp; &nbsp; &nbsp; &nbsp; Raimund Schmid, Wehe du bist alt und wirst krank, Beltz 2017, ISBN 978-3-407-86436-9 &nbsp; Es ist ein ersch\u00fctterndes Bild, das der Gesundheits- und Medizinjournalist Raimund Schmid in seinem hier vorliegenden Buch von den \u201eMissst\u00e4nden in der Altersmedizin\u201c zeichnet. &nbsp; Angesichts des \u201cdemographischen Tsunamis\u201c, den er auf unsere Gesellschaft zurollen sieht, wird &hellip; <a href=\"https:\/\/blog.liesdoch.de\/?p=3690\" class=\"more-link\"><span class=\"screen-reader-text\">Wehe du bist alt und wirst krank<\/span> weiterlesen <span class=\"meta-nav\">&rarr;<\/span><\/a><\/p>\n","protected":false},"author":6,"featured_media":0,"comment_status":"closed","ping_status":"open","sticky":false,"template":"","format":"standard","meta":{"footnotes":""},"categories":[1],"tags":[],"class_list":["post-3690","post","type-post","status-publish","format-standard","hentry","category-allgemein"],"_links":{"self":[{"href":"https:\/\/blog.liesdoch.de\/index.php?rest_route=\/wp\/v2\/posts\/3690","targetHints":{"allow":["GET"]}}],"collection":[{"href":"https:\/\/blog.liesdoch.de\/index.php?rest_route=\/wp\/v2\/posts"}],"about":[{"href":"https:\/\/blog.liesdoch.de\/index.php?rest_route=\/wp\/v2\/types\/post"}],"author":[{"embeddable":true,"href":"https:\/\/blog.liesdoch.de\/index.php?rest_route=\/wp\/v2\/users\/6"}],"replies":[{"embeddable":true,"href":"https:\/\/blog.liesdoch.de\/index.php?rest_route=%2Fwp%2Fv2%2Fcomments&post=3690"}],"version-history":[{"count":1,"href":"https:\/\/blog.liesdoch.de\/index.php?rest_route=\/wp\/v2\/posts\/3690\/revisions"}],"predecessor-version":[{"id":3692,"href":"https:\/\/blog.liesdoch.de\/index.php?rest_route=\/wp\/v2\/posts\/3690\/revisions\/3692"}],"wp:attachment":[{"href":"https:\/\/blog.liesdoch.de\/index.php?rest_route=%2Fwp%2Fv2%2Fmedia&parent=3690"}],"wp:term":[{"taxonomy":"category","embeddable":true,"href":"https:\/\/blog.liesdoch.de\/index.php?rest_route=%2Fwp%2Fv2%2Fcategories&post=3690"},{"taxonomy":"post_tag","embeddable":true,"href":"https:\/\/blog.liesdoch.de\/index.php?rest_route=%2Fwp%2Fv2%2Ftags&post=3690"}],"curies":[{"name":"wp","href":"https:\/\/api.w.org\/{rel}","templated":true}]}}