{"id":3698,"date":"2017-02-21T12:21:47","date_gmt":"2017-02-21T10:21:47","guid":{"rendered":"http:\/\/blog.liesdoch.de\/?p=3698"},"modified":"2017-02-21T12:21:47","modified_gmt":"2017-02-21T10:21:47","slug":"das-eichhoernchenjahr","status":"publish","type":"post","link":"https:\/\/blog.liesdoch.de\/?p=3698","title":{"rendered":"Das Eichh\u00f6rnchenjahr"},"content":{"rendered":"<p>&nbsp;<\/p>\n<p>&nbsp;<\/p>\n<p>&nbsp;<\/p>\n<p><a href=\"http:\/\/blog.liesdoch.de\/wp-content\/uploads\/2017\/02\/46901988z.jpg\"><img loading=\"lazy\" decoding=\"async\" class=\"alignnone size-medium wp-image-3699\" src=\"http:\/\/blog.liesdoch.de\/wp-content\/uploads\/2017\/02\/46901988z-203x300.jpg\" alt=\"\" width=\"203\" height=\"300\" srcset=\"https:\/\/blog.liesdoch.de\/wp-content\/uploads\/2017\/02\/46901988z-203x300.jpg 203w, https:\/\/blog.liesdoch.de\/wp-content\/uploads\/2017\/02\/46901988z.jpg 284w\" sizes=\"auto, (max-width: 203px) 100vw, 203px\" \/><\/a><\/p>\n<p>&nbsp;<\/p>\n<p>Eva Sixt, Das Eichh\u00f6rnchenjahr, Atlantis 2017, ISBN 978-3-7152-0725-4<\/p>\n<p>&nbsp;<\/p>\n<p>Diese wundersch\u00f6ne Sachbilderbuch erinnert ein wenig an die bisher f\u00fcnf B\u00fccher, die Thomas M\u00fcller in den letzten Jahren bei Gerstenberg \u00fcber den Jahreslauf von verschiedenen Vogelarten ver\u00f6ffentlicht hat.<\/p>\n<p>&nbsp;<\/p>\n<p>In dem vorliegenden Buch von Eva Sixt geht es um das Leben der Eichh\u00f6rnchen, das sie \u00fcber ein ganzes Jahr begleitet und beschreibt. Vom Bau des Kobels, \u00fcber die Aufzucht der Jungen, die Nahrungssuche\u00a0 und die nat\u00fcrlichen Feinde wird in wunderbaren und kindgerechten Bildern erz\u00e4hlt.<\/p>\n<p>&nbsp;<\/p>\n<p>Von den vier Jungen, die die Eichh\u00f6rnchenmutter in diesem Buch zur Welt bringt, bleiben nur drei im Wald. Das vierte sucht sich ein Revier in den Wohngebieten der Menschen, in Parks und auf Friedh\u00f6fen.<\/p>\n<p>&nbsp;<\/p>\n<p>Das sch\u00f6ne Sachbilderbuch bietet mit relativ viel Text vielf\u00e4ltige Informationen \u00fcber Eichh\u00f6rnchen und andere verwandte Arten, ihren Lebensraum und Lebensweise, die Bedrohungen denen sie sich ausgesetzt sehen und viele n\u00fctzliche Hinweise, wie man ihnen insbesondere im Winter helfen kann, oder was, man tut kann, wenn man ein kleines hilfloses Eichh\u00f6rnchen findet.<\/p>\n<p>&nbsp;<\/p>\n<p>Ein vorbildliches Sachbilderbuch f\u00fcr\u00a0 Kinder im Grundschulalter. Doch auch zum Vorlesen f\u00fcr die Kleineren ist es gut geeignet.<\/p>\n<p>&nbsp;<\/p>\n","protected":false},"excerpt":{"rendered":"<p>&nbsp; &nbsp; &nbsp; &nbsp; Eva Sixt, Das Eichh\u00f6rnchenjahr, Atlantis 2017, ISBN 978-3-7152-0725-4 &nbsp; Diese wundersch\u00f6ne Sachbilderbuch erinnert ein wenig an die bisher f\u00fcnf B\u00fccher, die Thomas M\u00fcller in den letzten Jahren bei Gerstenberg \u00fcber den Jahreslauf von verschiedenen Vogelarten ver\u00f6ffentlicht hat. &nbsp; In dem vorliegenden Buch von Eva Sixt geht es um das Leben der &hellip; <a href=\"https:\/\/blog.liesdoch.de\/?p=3698\" class=\"more-link\"><span class=\"screen-reader-text\">Das Eichh\u00f6rnchenjahr<\/span> weiterlesen <span class=\"meta-nav\">&rarr;<\/span><\/a><\/p>\n","protected":false},"author":6,"featured_media":0,"comment_status":"closed","ping_status":"open","sticky":false,"template":"","format":"standard","meta":{"footnotes":""},"categories":[1],"tags":[],"class_list":["post-3698","post","type-post","status-publish","format-standard","hentry","category-allgemein"],"_links":{"self":[{"href":"https:\/\/blog.liesdoch.de\/index.php?rest_route=\/wp\/v2\/posts\/3698","targetHints":{"allow":["GET"]}}],"collection":[{"href":"https:\/\/blog.liesdoch.de\/index.php?rest_route=\/wp\/v2\/posts"}],"about":[{"href":"https:\/\/blog.liesdoch.de\/index.php?rest_route=\/wp\/v2\/types\/post"}],"author":[{"embeddable":true,"href":"https:\/\/blog.liesdoch.de\/index.php?rest_route=\/wp\/v2\/users\/6"}],"replies":[{"embeddable":true,"href":"https:\/\/blog.liesdoch.de\/index.php?rest_route=%2Fwp%2Fv2%2Fcomments&post=3698"}],"version-history":[{"count":1,"href":"https:\/\/blog.liesdoch.de\/index.php?rest_route=\/wp\/v2\/posts\/3698\/revisions"}],"predecessor-version":[{"id":3700,"href":"https:\/\/blog.liesdoch.de\/index.php?rest_route=\/wp\/v2\/posts\/3698\/revisions\/3700"}],"wp:attachment":[{"href":"https:\/\/blog.liesdoch.de\/index.php?rest_route=%2Fwp%2Fv2%2Fmedia&parent=3698"}],"wp:term":[{"taxonomy":"category","embeddable":true,"href":"https:\/\/blog.liesdoch.de\/index.php?rest_route=%2Fwp%2Fv2%2Fcategories&post=3698"},{"taxonomy":"post_tag","embeddable":true,"href":"https:\/\/blog.liesdoch.de\/index.php?rest_route=%2Fwp%2Fv2%2Ftags&post=3698"}],"curies":[{"name":"wp","href":"https:\/\/api.w.org\/{rel}","templated":true}]}}