{"id":3713,"date":"2017-02-23T12:38:47","date_gmt":"2017-02-23T10:38:47","guid":{"rendered":"http:\/\/blog.liesdoch.de\/?p=3713"},"modified":"2017-02-23T12:38:47","modified_gmt":"2017-02-23T10:38:47","slug":"1517-weltgeschichte-eines-jahres","status":"publish","type":"post","link":"https:\/\/blog.liesdoch.de\/?p=3713","title":{"rendered":"1517. Weltgeschichte eines Jahres"},"content":{"rendered":"<p>&nbsp;<\/p>\n<p>&nbsp;<\/p>\n<p>&nbsp;<\/p>\n<p>&nbsp;<\/p>\n<p>&nbsp;<\/p>\n<p><a href=\"http:\/\/blog.liesdoch.de\/wp-content\/uploads\/2017\/02\/45025799z.jpg\"><img loading=\"lazy\" decoding=\"async\" class=\"alignnone size-medium wp-image-3714\" src=\"http:\/\/blog.liesdoch.de\/wp-content\/uploads\/2017\/02\/45025799z-191x300.jpg\" alt=\"\" width=\"191\" height=\"300\" srcset=\"https:\/\/blog.liesdoch.de\/wp-content\/uploads\/2017\/02\/45025799z-191x300.jpg 191w, https:\/\/blog.liesdoch.de\/wp-content\/uploads\/2017\/02\/45025799z.jpg 268w\" sizes=\"auto, (max-width: 191px) 100vw, 191px\" \/><\/a><\/p>\n<p>Heinz Schilling, 1517. Weltgeschichte eines Jahres, C.H. Beck 2017, ISBN 978-406-70069-9<\/p>\n<p>&nbsp;<\/p>\n<p>In diesem Jahr begehen die protestantischen Kirchen der Welt die 500. Wiederkehr des Thesenanschlags von Wittenberg, mit dem der M\u00f6nch und Theologe Martin Luther nach herk\u00f6mmlicher Lesart die Reformation einleitete, einen Prozess, der f\u00fcr die weitere Entwicklung in Europa und der Welt eine wichtige Bedeutung bekommen sollte.<\/p>\n<p>&nbsp;<\/p>\n<p>Der emeritierte Professor f\u00fcr Europ\u00e4ische Geschichte der fr\u00fchen Neuzeit an der Humboldt-Universit\u00e4t\u00a0 in Berlin, Heinz Schilling, der zuletzt 2012 ebenfalls bei C.H. Beck in M\u00fcnchen eine viel beachtete Biographie \u00fcber Martin Luther ver\u00f6ffentlichte, hat nun sozusagen querstr\u00f6mend zu den Dutzenden von Ver\u00f6ffentlichungen, die sich alleine mit der Reformation und ihrer Bedeutung damals und heute befassen ( man kann in der Flut den \u00dcberblick verlieren), ein Buch geschrieben, das die zweifelsohne wichtigen Elemente der lutherschen Erkenntnis und des Beginns der Reformation in einen sozusagen globalen Zusammenhang stellt.<\/p>\n<p>&nbsp;<\/p>\n<p>In zun\u00e4chst sechs Hauptkapiteln verfolgt er wichtige und zentrale Ver\u00e4nderungen und Bewegungen in Europa und in anderen Teilen der Welt, die 1517 relevant sind:<\/p>\n<ol>\n<li>Zwei Weltreiche und ein Drittes Rom k\u00fcndigen sich an, aber auch Sturm gegen Unterdr\u00fcckung und Willk\u00fcr<\/li>\n<li>Um Frieden und Stabilit\u00e4t des Geldes<\/li>\n<li>Europa und die weitere Welt<\/li>\n<li>Die Renaissance und ein neues Weltwissen<\/li>\n<li>Kollektive \u00c4ngste und Sehnsucht nach Sicherheit<\/li>\n<li>Der Papst in Rom- italienischer Souver\u00e4n und universeller Pontifex<\/li>\n<\/ol>\n<p>&nbsp;<\/p>\n<p>Erst dann beschreibt er in einem letzten Kapitel die Ereignisse in Wittenberg und ordnet sie in \u201eeiner globalhistorischen Aneignungstheorie\u201c. Im Rahmen dieser Theorie schl\u00e4gt er vor, \u201edie nicht selten unmittelbar mit Luther und der Reformation in Verbindung gebrachte Rede von den \u201awestlichen Werten\u2018 aufzugeben. Vielmehr ist zum Ausdruck zu bringen, dass l\u00e4ngst die globale Aneignung eingesetzt hat, die Werte somit nicht mehr exklusiv westliche, sondern allgemeine Werte der Humanit\u00e4t und Freiheit sind.\u201c<\/p>\n<p>&nbsp;<\/p>\n<p>Auf diesem Weg der Aneignung, so Schillings Hoffnung, k\u00f6nne auch die bedrohliche fundamentalistische Gewalt der Gegenwart einmal \u00fcberwunden werden, \u201eso wie es seit Mitte des 17. Jahrhunderts mit der 1517 geborenen fundamentalistischen Feindseligkeit der christlichen Konfessionen gelungen ist.\u201c<\/p>\n<p>&nbsp;<\/p>\n<p>So wie damals und durch die weltweite Vernetzung f\u00fcr jeden Menschen be\u00e4ngstigend wahrnehmbar, ist auch heute die Welt in Bewegung. Wir sp\u00fcren, dass das Jahr 2017 der Beginn von \u00e4hnlich schwerwiegenden Umw\u00e4lzungen sein k\u00f6nnte wie damals.<\/p>\n<p>&nbsp;<\/p>\n<p>Die langfristige Sicht des Historikers, wie sie Heinz Schilling hier vorlegt, zeigt, dass heutige Verwerfungen und Konflikte durchaus nicht das Ende dessen bedeuten m\u00fcssen, was wir als westliche Zivilisation und Demokratie f\u00fcr wertvoll und wichtig erachten, sondern m\u00f6glicherweise der Beginn einer v\u00f6llig neuen Ordnung.<\/p>\n<p>&nbsp;<\/p>\n<p>&nbsp;<\/p>\n<p>&nbsp;<\/p>\n<p>&nbsp;<\/p>\n<p>&nbsp;<\/p>\n<p>&nbsp;<\/p>\n","protected":false},"excerpt":{"rendered":"<p>&nbsp; &nbsp; &nbsp; &nbsp; &nbsp; Heinz Schilling, 1517. Weltgeschichte eines Jahres, C.H. Beck 2017, ISBN 978-406-70069-9 &nbsp; In diesem Jahr begehen die protestantischen Kirchen der Welt die 500. Wiederkehr des Thesenanschlags von Wittenberg, mit dem der M\u00f6nch und Theologe Martin Luther nach herk\u00f6mmlicher Lesart die Reformation einleitete, einen Prozess, der f\u00fcr die weitere Entwicklung in &hellip; <a href=\"https:\/\/blog.liesdoch.de\/?p=3713\" class=\"more-link\"><span class=\"screen-reader-text\">1517. Weltgeschichte eines Jahres<\/span> weiterlesen <span class=\"meta-nav\">&rarr;<\/span><\/a><\/p>\n","protected":false},"author":6,"featured_media":0,"comment_status":"closed","ping_status":"open","sticky":false,"template":"","format":"standard","meta":{"footnotes":""},"categories":[1],"tags":[],"class_list":["post-3713","post","type-post","status-publish","format-standard","hentry","category-allgemein"],"_links":{"self":[{"href":"https:\/\/blog.liesdoch.de\/index.php?rest_route=\/wp\/v2\/posts\/3713","targetHints":{"allow":["GET"]}}],"collection":[{"href":"https:\/\/blog.liesdoch.de\/index.php?rest_route=\/wp\/v2\/posts"}],"about":[{"href":"https:\/\/blog.liesdoch.de\/index.php?rest_route=\/wp\/v2\/types\/post"}],"author":[{"embeddable":true,"href":"https:\/\/blog.liesdoch.de\/index.php?rest_route=\/wp\/v2\/users\/6"}],"replies":[{"embeddable":true,"href":"https:\/\/blog.liesdoch.de\/index.php?rest_route=%2Fwp%2Fv2%2Fcomments&post=3713"}],"version-history":[{"count":1,"href":"https:\/\/blog.liesdoch.de\/index.php?rest_route=\/wp\/v2\/posts\/3713\/revisions"}],"predecessor-version":[{"id":3715,"href":"https:\/\/blog.liesdoch.de\/index.php?rest_route=\/wp\/v2\/posts\/3713\/revisions\/3715"}],"wp:attachment":[{"href":"https:\/\/blog.liesdoch.de\/index.php?rest_route=%2Fwp%2Fv2%2Fmedia&parent=3713"}],"wp:term":[{"taxonomy":"category","embeddable":true,"href":"https:\/\/blog.liesdoch.de\/index.php?rest_route=%2Fwp%2Fv2%2Fcategories&post=3713"},{"taxonomy":"post_tag","embeddable":true,"href":"https:\/\/blog.liesdoch.de\/index.php?rest_route=%2Fwp%2Fv2%2Ftags&post=3713"}],"curies":[{"name":"wp","href":"https:\/\/api.w.org\/{rel}","templated":true}]}}