{"id":3733,"date":"2017-02-27T16:11:48","date_gmt":"2017-02-27T14:11:48","guid":{"rendered":"http:\/\/blog.liesdoch.de\/?p=3733"},"modified":"2017-02-27T16:11:48","modified_gmt":"2017-02-27T14:11:48","slug":"rotkaeppchen-und-der-boese-wolf","status":"publish","type":"post","link":"https:\/\/blog.liesdoch.de\/?p=3733","title":{"rendered":"Rotk\u00e4ppchen und der b\u00f6se Wolf"},"content":{"rendered":"<p>&nbsp;<\/p>\n<p>&nbsp;<\/p>\n<p>&nbsp;<\/p>\n<p>&nbsp;<\/p>\n<p>&nbsp;<\/p>\n<p><a href=\"http:\/\/blog.liesdoch.de\/wp-content\/uploads\/2017\/02\/44852364z.jpg\"><img loading=\"lazy\" decoding=\"async\" class=\"alignnone size-medium wp-image-3734\" src=\"http:\/\/blog.liesdoch.de\/wp-content\/uploads\/2017\/02\/44852364z-252x300.jpg\" alt=\"\" width=\"252\" height=\"300\" srcset=\"https:\/\/blog.liesdoch.de\/wp-content\/uploads\/2017\/02\/44852364z-252x300.jpg 252w, https:\/\/blog.liesdoch.de\/wp-content\/uploads\/2017\/02\/44852364z.jpg 340w\" sizes=\"auto, (max-width: 252px) 100vw, 252px\" \/><\/a><\/p>\n<p>Kimiko, Margaux Duroux, Rotk\u00e4ppchen und der b\u00f6se Wolf, Moritz Verlag 2016, ISBN 978-3-89565-322-3<\/p>\n<p>&nbsp;<\/p>\n<p>Einen ganz anderen Blickwinkel w\u00e4hlen die beiden franz\u00f6sischen Bilderbuchautorinnen Kimiko und Margaux Duroux, um das alte M\u00e4rchen der Br\u00fcder Grimm von Rotk\u00e4ppchen und dem b\u00f6sen Wolf zu erz\u00e4hlen.<\/p>\n<p>Sie orientieren sich dabei im Text an der Erz\u00e4hlweise von Charles Perrault, w\u00e4hlen aber f\u00fcr die bildliche Darstellung einen neuen Zugang. Sie haben f\u00fcr die handelnden Personen von ihnen selbst hergestellte Filzfiguren benutzt und in Szene gesetzt. Zun\u00e4chst fotografieren sie diese Figuren in der freien Natur im Wald und auf Wegen, sp\u00e4ter, als Rotk\u00e4ppchen das Haus der Gro\u00dfmutter erreicht hat, in einem von ihnen zum Teil auch aus Filz gebastelten Haus mit entsprechenden Innenr\u00e4umen.<\/p>\n<p>&nbsp;<\/p>\n<p>Es ist den beiden ein sehr sch\u00f6nes Kunstwerk gelungen, das mit seiner eigenen \u00c4sthetik Eltern und Kinder ansprechen\u00a0 wird.<\/p>\n","protected":false},"excerpt":{"rendered":"<p>&nbsp; &nbsp; &nbsp; &nbsp; &nbsp; Kimiko, Margaux Duroux, Rotk\u00e4ppchen und der b\u00f6se Wolf, Moritz Verlag 2016, ISBN 978-3-89565-322-3 &nbsp; Einen ganz anderen Blickwinkel w\u00e4hlen die beiden franz\u00f6sischen Bilderbuchautorinnen Kimiko und Margaux Duroux, um das alte M\u00e4rchen der Br\u00fcder Grimm von Rotk\u00e4ppchen und dem b\u00f6sen Wolf zu erz\u00e4hlen. Sie orientieren sich dabei im Text an der &hellip; <a href=\"https:\/\/blog.liesdoch.de\/?p=3733\" class=\"more-link\"><span class=\"screen-reader-text\">Rotk\u00e4ppchen und der b\u00f6se Wolf<\/span> weiterlesen <span class=\"meta-nav\">&rarr;<\/span><\/a><\/p>\n","protected":false},"author":6,"featured_media":0,"comment_status":"closed","ping_status":"open","sticky":false,"template":"","format":"standard","meta":{"footnotes":""},"categories":[1],"tags":[],"class_list":["post-3733","post","type-post","status-publish","format-standard","hentry","category-allgemein"],"_links":{"self":[{"href":"https:\/\/blog.liesdoch.de\/index.php?rest_route=\/wp\/v2\/posts\/3733","targetHints":{"allow":["GET"]}}],"collection":[{"href":"https:\/\/blog.liesdoch.de\/index.php?rest_route=\/wp\/v2\/posts"}],"about":[{"href":"https:\/\/blog.liesdoch.de\/index.php?rest_route=\/wp\/v2\/types\/post"}],"author":[{"embeddable":true,"href":"https:\/\/blog.liesdoch.de\/index.php?rest_route=\/wp\/v2\/users\/6"}],"replies":[{"embeddable":true,"href":"https:\/\/blog.liesdoch.de\/index.php?rest_route=%2Fwp%2Fv2%2Fcomments&post=3733"}],"version-history":[{"count":1,"href":"https:\/\/blog.liesdoch.de\/index.php?rest_route=\/wp\/v2\/posts\/3733\/revisions"}],"predecessor-version":[{"id":3735,"href":"https:\/\/blog.liesdoch.de\/index.php?rest_route=\/wp\/v2\/posts\/3733\/revisions\/3735"}],"wp:attachment":[{"href":"https:\/\/blog.liesdoch.de\/index.php?rest_route=%2Fwp%2Fv2%2Fmedia&parent=3733"}],"wp:term":[{"taxonomy":"category","embeddable":true,"href":"https:\/\/blog.liesdoch.de\/index.php?rest_route=%2Fwp%2Fv2%2Fcategories&post=3733"},{"taxonomy":"post_tag","embeddable":true,"href":"https:\/\/blog.liesdoch.de\/index.php?rest_route=%2Fwp%2Fv2%2Ftags&post=3733"}],"curies":[{"name":"wp","href":"https:\/\/api.w.org\/{rel}","templated":true}]}}