{"id":3773,"date":"2017-03-01T13:56:13","date_gmt":"2017-03-01T11:56:13","guid":{"rendered":"http:\/\/blog.liesdoch.de\/?p=3773"},"modified":"2017-03-01T13:56:13","modified_gmt":"2017-03-01T11:56:13","slug":"ayda-baer-und-hase-hoerbuch","status":"publish","type":"post","link":"https:\/\/blog.liesdoch.de\/?p=3773","title":{"rendered":"Ayda, B\u00e4r und Hase (H\u00f6rbuch)"},"content":{"rendered":"<p>&nbsp;<\/p>\n<p>&nbsp;<\/p>\n<p>&nbsp;<\/p>\n<p>&nbsp;<\/p>\n<p><a href=\"http:\/\/blog.liesdoch.de\/wp-content\/uploads\/2017\/03\/46812117z.jpg\"><img loading=\"lazy\" decoding=\"async\" class=\"alignnone size-medium wp-image-3775\" src=\"http:\/\/blog.liesdoch.de\/wp-content\/uploads\/2017\/03\/46812117z-300x268.jpg\" alt=\"\" width=\"300\" height=\"268\" srcset=\"https:\/\/blog.liesdoch.de\/wp-content\/uploads\/2017\/03\/46812117z-300x268.jpg 300w, https:\/\/blog.liesdoch.de\/wp-content\/uploads\/2017\/03\/46812117z.jpg 475w\" sizes=\"auto, (max-width: 300px) 100vw, 300px\" \/><\/a><\/p>\n<p>Navid Kermani, Ayda, B\u00e4r und Hase, Sauerl\u00e4nder Audio 2017, ISBN 978-3-8398-4876-0<\/p>\n<p>&nbsp;<\/p>\n<p>Ayda ist 5 Jahre alt und wohnt im K\u00f6lner Viertel Eigelstein direkt hinter dem Dom. Ihre Eltern stammen aus dem Iran und haben sich in K\u00f6ln w\u00e4hrend ihres Studiums kennen gelernt.\u00a0 Aydas Vater, sie nennt ihn auf persisch \u201eBaba\u201c, ist ein gro\u00dfer und treuer Fan des 1. FC K\u00f6ln, obwohl die Mannschaft oft verliert. Aber treue Fans st\u00f6rt das nicht. Ayda versteht zwar nichts von Fu\u00dfball, aber Babas Treue zu seinem Verein imponiert ihr doch sehr.<\/p>\n<p>&nbsp;<\/p>\n<p>Ayda ist ein intelligentes Kind. Sie besucht den Kindergarten, hat dort aber kaum Freunde. Paul und Lisa, mit denen sie am meisten zu tun hat und die beide ein ganzes Jahr \u00e4lter sind als sie, nennen Ayda einen \u201eKnirps\u201c, obwohl Ayda doch bald zusammen mit den beiden in die Schule kommt.<\/p>\n<p>&nbsp;<\/p>\n<p>Ayda f\u00fchlt sich ungl\u00fccklich und allein. \u201e\u00dcz\u00fcnt\u00fcl\u00fc\u201c, wie die t\u00fcrkische Ladenbesitzerin Frau Ozt\u00fcrk immer sagt, \u201ebetr\u00fcbt in der Seele\u201c. Sie erz\u00e4hlt abends ihrem Vater davon, und der versucht ihr klar zu machen, dass das Traurigsein zum Leben dazu geh\u00f6rt, und es eben nur manches Mal Momente reinen Gl\u00fccks gibt. Ayda ist nicht ganz davon \u00fcberzeugt, und als sie sich am n\u00e4chsten Tag im Kindergarten wieder so allein f\u00fchlt, f\u00e4hrt sie, ohne jemand Bescheid zu sagen, mit ihrem kleinen Fahrrad bis zum Rhein und dort am Ufer entlang.<\/p>\n<p>&nbsp;<\/p>\n<p>Sie passt -in Gedanken versunken- einen Augenblick nicht auf und st\u00fcrzt. Blutend und verzweifelt liegt sie auf dem Asphalt des Fahrradwegs, als ein Hase und ein B\u00e4r vor ihr stehen, die im nahen W\u00e4ldchen wohnen. Sie bringen Ayda zur\u00fcck, und nun beginnt die Geschichte einer gro\u00dfen Freundschaft.<\/p>\n<p>&nbsp;<\/p>\n<p>Aydas Eltern sind von den beiden neuen tierischen Freunden ihrer Tochter begeistert, sie d\u00fcrfen bei Ayda \u00fcbernachten, Ayda darf sie mit in den Kindergarten nehmen, und als die Ferien beginnen, macht es Aydas Vater sogar m\u00f6glich, da\u00df die beiden in einem Wohnwagen mitfahren k\u00f6nnen nach Spanien, wo sich die Gro\u00dffamilie einmal im Jahr trifft. Verwandte mit Onkeln, Tanten, Gro\u00dfeltern, Cousins und Cousinen kommen aus dem Iran und aus den USA.<\/p>\n<p>&nbsp;<\/p>\n<p>Ayda verlebt einen gl\u00fccklichen Sommer, zumal sie dort in Spanien noch einen Esel kennen lernen, der dann aber leider nicht nach Deutschland mit zur\u00fcck kann.<\/p>\n<p>Doch sie haben dem armen Esel zu einer neuen Unterkunft verholfen, und was Ayda dem Esel zum Abschied\u00a0 sagt, ist die wunderbare Schl\u00fcsselbotschaft des ganzen Buches:<\/p>\n<p>\u201eWenn man ungl\u00fccklich ist, muss man sich nicht damit abfinden, sondern versuchen, es zu \u00e4ndern!\u201c<\/p>\n<p>&nbsp;<\/p>\n<p>Zur\u00fcck in Deutschland helfen die beiden Tiere Ayda, sich auch in der Schule durchzusetzen, indem sie bei einem Wettkampf die gro\u00dfen Jungs besiegen. Da Ayda besonders an den Wochenenden den Hasen und den B\u00e4ren im W\u00e4ldchen besuchen kann, ist am Ende ihr Gl\u00fcck vollkommen. Obwohl ihr Vater sagt: \u201eWenn die nie \u201a\u00fcz\u00fcnt\u00fcl\u00fc\u2019 bist, dann wei\u00dft du auch gar nicht, was das Gl\u00fcck ist.\u201c\u00a0 Doch Ayda antwortet: \u201eAber wenn ich ganz fest daran glaube, dass es sch\u00f6ner wird, wirklich richtig m\u00e4chtig dran glaube, dann kann es noch sch\u00f6ner werden, das Leben, oder ?\u201c<\/p>\n<p>&nbsp;<\/p>\n<p>Navid Kermani, 1967 in Siegen geboren, ist Orientalist und Islamwissenschaftler. Er besitzt die deutsche und die iranische Staatsb\u00fcrgerschaft und lebt als freier Schriftsteller und Regisseur in K\u00f6ln. Wichtige Themen seiner Werke sind das Verh\u00e4ltnis zwischen Westen und Orient, der Kampf bzw. der Dialog der Religionen, sowie die menschliche Ursuche nach dem Gottesbild und dem Sinn des Leids.<\/p>\n<p>&nbsp;<\/p>\n<p>Navid Kermani hat\u00a0 -wohl ganz speziell f\u00fcr seine Tochter, nehme ich an-<\/p>\n<p>Schon 2006 ( damals erschien das Buch im Picus Verlag in Wien) ein sch\u00f6nes Kinderbuch der Hoffnung geschrieben, das Kindern Mut machen kann, sich f\u00fcr neue Erfahrungen zu \u00f6ffnen, auch dort, wo sie fremd sind oder sich fremd f\u00fchlen.<\/p>\n<p>Er erz\u00e4hlt viel von persischen Redewendungen und Sitten. Sch\u00f6n ist z.B. die Schilderung von \u201etaarof\u201c jener persischen Form der H\u00f6flichkeit, die dem anderen immer seine W\u00fcrde l\u00e4sst, auch dann, wenn man ihn hart kritisiert.<\/p>\n<p>&nbsp;<\/p>\n<p>Und er pflegt einen ganz eigenen Stil, als Autor mit seinen kleinen Lesern in einen lockeren und lustigen Dialog zu treten, bevor er dann unvermittelt mit der Geschichte fortf\u00e4hrt.<\/p>\n<p>&nbsp;<\/p>\n<p>Ein sehr gelungenes Buch eines Autors, dessen Werke( viele sind seitdem erschienen)\u00a0 f\u00fcr Erwachsene noch der weiteren Entdeckung und W\u00fcrdigung warten.<\/p>\n<p>&nbsp;<\/p>\n<p>Der aus vielen Tatort-Krimis bekannte Schauspieler Dietmar B\u00e4r hat mit seinem warmen B\u00e4renbass dieses nun wieder aufgelegte Kinderbuch Navid Kermanis auf eine warmherzige Weise mit viel Einf\u00fchlungsverm\u00f6gen eingelesen und macht das H\u00f6ren zu einem echten Vergn\u00fcgen bis zum Ende.<\/p>\n<p>&nbsp;<\/p>\n","protected":false},"excerpt":{"rendered":"<p>&nbsp; &nbsp; &nbsp; &nbsp; Navid Kermani, Ayda, B\u00e4r und Hase, Sauerl\u00e4nder Audio 2017, ISBN 978-3-8398-4876-0 &nbsp; Ayda ist 5 Jahre alt und wohnt im K\u00f6lner Viertel Eigelstein direkt hinter dem Dom. Ihre Eltern stammen aus dem Iran und haben sich in K\u00f6ln w\u00e4hrend ihres Studiums kennen gelernt.\u00a0 Aydas Vater, sie nennt ihn auf persisch \u201eBaba\u201c, &hellip; <a href=\"https:\/\/blog.liesdoch.de\/?p=3773\" class=\"more-link\"><span class=\"screen-reader-text\">Ayda, B\u00e4r und Hase (H\u00f6rbuch)<\/span> weiterlesen <span class=\"meta-nav\">&rarr;<\/span><\/a><\/p>\n","protected":false},"author":6,"featured_media":0,"comment_status":"closed","ping_status":"open","sticky":false,"template":"","format":"standard","meta":{"footnotes":""},"categories":[1],"tags":[],"class_list":["post-3773","post","type-post","status-publish","format-standard","hentry","category-allgemein"],"_links":{"self":[{"href":"https:\/\/blog.liesdoch.de\/index.php?rest_route=\/wp\/v2\/posts\/3773","targetHints":{"allow":["GET"]}}],"collection":[{"href":"https:\/\/blog.liesdoch.de\/index.php?rest_route=\/wp\/v2\/posts"}],"about":[{"href":"https:\/\/blog.liesdoch.de\/index.php?rest_route=\/wp\/v2\/types\/post"}],"author":[{"embeddable":true,"href":"https:\/\/blog.liesdoch.de\/index.php?rest_route=\/wp\/v2\/users\/6"}],"replies":[{"embeddable":true,"href":"https:\/\/blog.liesdoch.de\/index.php?rest_route=%2Fwp%2Fv2%2Fcomments&post=3773"}],"version-history":[{"count":2,"href":"https:\/\/blog.liesdoch.de\/index.php?rest_route=\/wp\/v2\/posts\/3773\/revisions"}],"predecessor-version":[{"id":3776,"href":"https:\/\/blog.liesdoch.de\/index.php?rest_route=\/wp\/v2\/posts\/3773\/revisions\/3776"}],"wp:attachment":[{"href":"https:\/\/blog.liesdoch.de\/index.php?rest_route=%2Fwp%2Fv2%2Fmedia&parent=3773"}],"wp:term":[{"taxonomy":"category","embeddable":true,"href":"https:\/\/blog.liesdoch.de\/index.php?rest_route=%2Fwp%2Fv2%2Fcategories&post=3773"},{"taxonomy":"post_tag","embeddable":true,"href":"https:\/\/blog.liesdoch.de\/index.php?rest_route=%2Fwp%2Fv2%2Ftags&post=3773"}],"curies":[{"name":"wp","href":"https:\/\/api.w.org\/{rel}","templated":true}]}}