{"id":3802,"date":"2017-03-06T13:49:22","date_gmt":"2017-03-06T11:49:22","guid":{"rendered":"http:\/\/blog.liesdoch.de\/?p=3802"},"modified":"2017-03-06T13:54:27","modified_gmt":"2017-03-06T11:54:27","slug":"die-rueckkehr-3","status":"publish","type":"post","link":"https:\/\/blog.liesdoch.de\/?p=3802","title":{"rendered":"Die R\u00fcckkehr"},"content":{"rendered":"<p>&nbsp;<\/p>\n<p>&nbsp;<\/p>\n<p>&nbsp;<\/p>\n<p><a href=\"http:\/\/blog.liesdoch.de\/wp-content\/uploads\/2017\/03\/45980528z-1.jpg\"><img loading=\"lazy\" decoding=\"async\" class=\"alignnone size-medium wp-image-3806\" src=\"http:\/\/blog.liesdoch.de\/wp-content\/uploads\/2017\/03\/45980528z-1-300x265.jpg\" alt=\"\" width=\"300\" height=\"265\" srcset=\"https:\/\/blog.liesdoch.de\/wp-content\/uploads\/2017\/03\/45980528z-1-300x265.jpg 300w, https:\/\/blog.liesdoch.de\/wp-content\/uploads\/2017\/03\/45980528z-1.jpg 475w\" sizes=\"auto, (max-width: 300px) 100vw, 300px\" \/><\/a><\/p>\n<p>&nbsp;<\/p>\n<p>Aaron Becker, Die R\u00fcckkehr, Gerstenberg 2017, ISBN 978-3-8369-5953-7<\/p>\n<p>&nbsp;<\/p>\n<p>Schon im Jahr 2016 in den USA erschienen, hat der K\u00fcnstler Aaron Becker hier im Gerstenberg Verlag das dritte aus einer Trilogie von fantasievollen Bilderb\u00fcchern vorgelegt, das ganz ohne Worte auskommt.<\/p>\n<p>Das erste Buch \u201eDie Reise\u201c erz\u00e4hlte in immer farbenfroheren Bildern zun\u00e4chst von dem grauen Alltag eines kleinen M\u00e4dchens, f\u00fcr das niemand Zeit hat und mit dem niemand spielen will. Der Vater sitzt vor dem PC und die Mutter spielt mit ihrem Smartphone herum. Allein in ihrem noch grauen Zimmer f\u00e4llt ihr Blick auf einen magischen roten Stift, mit dem sie sich eine T\u00fcr malt, durch die sie in eine traumhafte Landschaft eintritt, in der ein kleiner Fluss durch einen dichten Wald flie\u00dft. Mit dem roten Stift den sie nat\u00fcrlich mitgenommen hat, entwirft sie sich ein Boot, und dann geht es ab auf eine abenteuerliche Reise durch magische Fantasiewelten. Immer wieder kann sie mit ihrem Stift das Geschehen in der Geschichte beeinflussen. Ein von ihr gerettetes Fabelwesen zeigt ihr den Weg zu einem neuen Freund.<\/p>\n<p>Diese beide erlebten in dem zweiten Band der Trilogie mit dem Titel \u201eDie Suche\u201c ihr n\u00e4chstes Abenteuer. Am Anfang sind sie mit dem Fahrrad unterwegs und suchen unter einer Br\u00fccke Schutz vor dem Regen. Mitten im Br\u00fcckenpfeiler \u00f6ffnet sich pl\u00f6tzlich eine T\u00fcr, in der ein geheimnisvoller K\u00f6nig erscheint und den beiden Kindern eine mysteri\u00f6se Karte aush\u00e4ndigt. Wohin die Karte die beiden wohl f\u00fchrt? Und: ist der K\u00f6nig in Gefahr? Unter der F\u00fchrung eines violetten Vogels begeben sie sich auf wundersame Reise durch selbst erdachte R\u00e4ume und erleben aufregende Welten und Abenteuer.<\/p>\n<p>&nbsp;<\/p>\n<p>In \u201e Die R\u00fcckkehr\u201c \u00a0begibt sich das aus den ersten beiden B\u00fcchern bekannte\u00a0 M\u00e4dchen wieder in eine sagenhafte Zauberwelt voller Abenteuer. Hier hat sie bereits einen Freund gefunden und mit ihm den K\u00f6nig gerettet. Weil zu Hause niemand Zeit f\u00fcr das M\u00e4dchen hat, beschlie\u00dft sie, mit ihrem Freund bei dem K\u00f6nig zu bleiben. Doch ihr Vater folgt ihr durch \u00a0von dem M\u00e4dchen auf die\u00a0 Wand gemalte Zaubert\u00fcr im Elternhaus in diese andere, phantastische Welt mit ihren Bewohner. Kaum ist er dort angekommen, wird er gleich in ein unglaubliches Abenteuer verwickelt.<\/p>\n<p>In diesem spektakul\u00e4ren Abschluss seiner Trilogie gelingt es Aaron Becker, neue Facetten seiner Zauberwelt zu pr\u00e4sentieren und der Botschaft seiner B\u00fccher eine weitere Dimension zu geben: nur Vater und Tochter gemeinsam, nur Erwachsene und Kinder gemeinsam k\u00f6nnen die fantastische Welt (die Fantasie und Vorstellungskraft retten und bewahren.<\/p>\n<p>&nbsp;<\/p>\n<p>&nbsp;<\/p>\n<p>Eine ungew\u00f6hnliche Bilderbuchreihe, die ganz ohne Worte eine gro\u00dfe Geschichte erz\u00e4hlt und bei jedem neuen Betrachten neue Geheimnisse enth\u00fcllt, die man vorher nicht bemerkt hat.<\/p>\n<p>&nbsp;<\/p>\n<p>&nbsp;<\/p>\n<p>&nbsp;<\/p>\n<p>&nbsp;<\/p>\n<p>&nbsp;<\/p>\n<p>&nbsp;<\/p>\n<p>&nbsp;<\/p>\n<p>&nbsp;<\/p>\n<p>&nbsp;<\/p>\n<p>&nbsp;<\/p>\n<p>&nbsp;<\/p>\n<p>&nbsp;<\/p>\n<p>&nbsp;<\/p>\n<p>&nbsp;<\/p>\n<p>&nbsp;<\/p>\n<p>&nbsp;<\/p>\n<p><a href=\"http:\/\/blog.liesdoch.de\/wp-content\/uploads\/2017\/03\/45980528z.jpg\"><img loading=\"lazy\" decoding=\"async\" class=\"alignnone size-medium wp-image-3803\" src=\"http:\/\/blog.liesdoch.de\/wp-content\/uploads\/2017\/03\/45980528z-300x265.jpg\" alt=\"\" width=\"300\" height=\"265\" srcset=\"https:\/\/blog.liesdoch.de\/wp-content\/uploads\/2017\/03\/45980528z-300x265.jpg 300w, https:\/\/blog.liesdoch.de\/wp-content\/uploads\/2017\/03\/45980528z.jpg 475w\" sizes=\"auto, (max-width: 300px) 100vw, 300px\" \/><\/a><\/p>\n<p>Aaron Becker, Die R\u00fcckkehr, Gerstenberg 2017, ISBN 978-3-8369-5953-7<\/p>\n<p>&nbsp;<\/p>\n<p>Schon im Jahr 2016 in den USA erschienen, hat der K\u00fcnstler Aaron Becker hier im Gerstenberg Verlag das dritte aus einer Trilogie von fantasievollen Bilderb\u00fcchern vorgelegt, das ganz ohne Worte auskommt.<\/p>\n<p>Das erste Buch \u201eDie Reise\u201c erz\u00e4hlte in immer farbenfroheren Bildern zun\u00e4chst von dem grauen Alltag eines kleinen M\u00e4dchens, f\u00fcr das niemand Zeit hat und mit dem niemand spielen will. Der Vater sitzt vor dem PC und die Mutter spielt mit ihrem Smartphone herum. Allein in ihrem noch grauen Zimmer f\u00e4llt ihr Blick auf einen magischen roten Stift, mit dem sie sich eine T\u00fcr malt, durch die sie in eine traumhafte Landschaft eintritt, in der ein kleiner Fluss durch einen dichten Wald flie\u00dft. Mit dem roten Stift den sie nat\u00fcrlich mitgenommen hat, entwirft sie sich ein Boot, und dann geht es ab auf eine abenteuerliche Reise durch magische Fantasiewelten. Immer wieder kann sie mit ihrem Stift das Geschehen in der Geschichte beeinflussen. Ein von ihr gerettetes Fabelwesen zeigt ihr den Weg zu einem neuen Freund.<\/p>\n<p>Diese beide erlebten in dem zweiten Band der Trilogie mit dem Titel \u201eDie Suche\u201c ihr n\u00e4chstes Abenteuer. Am Anfang sind sie mit dem Fahrrad unterwegs und suchen unter einer Br\u00fccke Schutz vor dem Regen. Mitten im Br\u00fcckenpfeiler \u00f6ffnet sich pl\u00f6tzlich eine T\u00fcr, in der ein geheimnisvoller K\u00f6nig erscheint und den beiden Kindern eine mysteri\u00f6se Karte aush\u00e4ndigt. Wohin die Karte die beiden wohl f\u00fchrt? Und: ist der K\u00f6nig in Gefahr? Unter der F\u00fchrung eines violetten Vogels begeben sie sich auf wundersame Reise durch selbst erdachte R\u00e4ume und erleben aufregende Welten und Abenteuer.<\/p>\n<p>&nbsp;<\/p>\n<p>In \u201e Die R\u00fcckkehr\u201c \u00a0begibt sich das aus den ersten beiden B\u00fcchern bekannte\u00a0 M\u00e4dchen wieder in eine sagenhafte Zauberwelt voller Abenteuer. Hier hat sie bereits einen Freund gefunden und mit ihm den K\u00f6nig gerettet. Weil zu Hause niemand Zeit f\u00fcr das M\u00e4dchen hat, beschlie\u00dft sie, mit ihrem Freund bei dem K\u00f6nig zu bleiben. Doch ihr Vater folgt ihr durch \u00a0von dem M\u00e4dchen auf die\u00a0 Wand gemalte Zaubert\u00fcr im Elternhaus in diese andere, phantastische Welt mit ihren Bewohner. Kaum ist er dort angekommen, wird er gleich in ein unglaubliches Abenteuer verwickelt.<\/p>\n<p>In diesem spektakul\u00e4ren Abschluss seiner Trilogie gelingt es Aaron Becker, neue Facetten seiner Zauberwelt zu pr\u00e4sentieren und der Botschaft seiner B\u00fccher eine weitere Dimension zu geben: nur Vater und Tochter gemeinsam, nur Erwachsene und Kinder gemeinsam k\u00f6nnen die fantastische Welt (die Fantasie und Vorstellungskraft retten und bewahren.<\/p>\n<p>&nbsp;<\/p>\n<p>&nbsp;<\/p>\n<p>Eine ungew\u00f6hnliche Bilderbuchreihe, die ganz ohne Worte eine gro\u00dfe Geschichte erz\u00e4hlt und bei jedem neuen Betrachten neue Geheimnisse enth\u00fcllt, die man vorher nicht bemerkt hat.<\/p>\n","protected":false},"excerpt":{"rendered":"<p>&nbsp; &nbsp; &nbsp; &nbsp; Aaron Becker, Die R\u00fcckkehr, Gerstenberg 2017, ISBN 978-3-8369-5953-7 &nbsp; Schon im Jahr 2016 in den USA erschienen, hat der K\u00fcnstler Aaron Becker hier im Gerstenberg Verlag das dritte aus einer Trilogie von fantasievollen Bilderb\u00fcchern vorgelegt, das ganz ohne Worte auskommt. Das erste Buch \u201eDie Reise\u201c erz\u00e4hlte in immer farbenfroheren Bildern zun\u00e4chst &hellip; <a href=\"https:\/\/blog.liesdoch.de\/?p=3802\" class=\"more-link\"><span class=\"screen-reader-text\">Die R\u00fcckkehr<\/span> weiterlesen <span class=\"meta-nav\">&rarr;<\/span><\/a><\/p>\n","protected":false},"author":6,"featured_media":0,"comment_status":"closed","ping_status":"open","sticky":false,"template":"","format":"standard","meta":{"footnotes":""},"categories":[1],"tags":[],"class_list":["post-3802","post","type-post","status-publish","format-standard","hentry","category-allgemein"],"_links":{"self":[{"href":"https:\/\/blog.liesdoch.de\/index.php?rest_route=\/wp\/v2\/posts\/3802","targetHints":{"allow":["GET"]}}],"collection":[{"href":"https:\/\/blog.liesdoch.de\/index.php?rest_route=\/wp\/v2\/posts"}],"about":[{"href":"https:\/\/blog.liesdoch.de\/index.php?rest_route=\/wp\/v2\/types\/post"}],"author":[{"embeddable":true,"href":"https:\/\/blog.liesdoch.de\/index.php?rest_route=\/wp\/v2\/users\/6"}],"replies":[{"embeddable":true,"href":"https:\/\/blog.liesdoch.de\/index.php?rest_route=%2Fwp%2Fv2%2Fcomments&post=3802"}],"version-history":[{"count":2,"href":"https:\/\/blog.liesdoch.de\/index.php?rest_route=\/wp\/v2\/posts\/3802\/revisions"}],"predecessor-version":[{"id":3807,"href":"https:\/\/blog.liesdoch.de\/index.php?rest_route=\/wp\/v2\/posts\/3802\/revisions\/3807"}],"wp:attachment":[{"href":"https:\/\/blog.liesdoch.de\/index.php?rest_route=%2Fwp%2Fv2%2Fmedia&parent=3802"}],"wp:term":[{"taxonomy":"category","embeddable":true,"href":"https:\/\/blog.liesdoch.de\/index.php?rest_route=%2Fwp%2Fv2%2Fcategories&post=3802"},{"taxonomy":"post_tag","embeddable":true,"href":"https:\/\/blog.liesdoch.de\/index.php?rest_route=%2Fwp%2Fv2%2Ftags&post=3802"}],"curies":[{"name":"wp","href":"https:\/\/api.w.org\/{rel}","templated":true}]}}