{"id":3925,"date":"2017-03-20T14:26:19","date_gmt":"2017-03-20T12:26:19","guid":{"rendered":"http:\/\/blog.liesdoch.de\/?p=3925"},"modified":"2017-03-20T14:26:19","modified_gmt":"2017-03-20T12:26:19","slug":"100-jahre-jazz","status":"publish","type":"post","link":"https:\/\/blog.liesdoch.de\/?p=3925","title":{"rendered":"100 Jahre Jazz"},"content":{"rendered":"<p>&nbsp;<\/p>\n<p>&nbsp;<\/p>\n<p>&nbsp;<\/p>\n<p>&nbsp;<\/p>\n<p><a href=\"http:\/\/blog.liesdoch.de\/wp-content\/uploads\/2017\/03\/47162086z.jpg\"><img loading=\"lazy\" decoding=\"async\" class=\"alignnone size-medium wp-image-3926\" src=\"http:\/\/blog.liesdoch.de\/wp-content\/uploads\/2017\/03\/47162086z-224x300.jpg\" alt=\"\" width=\"224\" height=\"300\" srcset=\"https:\/\/blog.liesdoch.de\/wp-content\/uploads\/2017\/03\/47162086z-224x300.jpg 224w, https:\/\/blog.liesdoch.de\/wp-content\/uploads\/2017\/03\/47162086z.jpg 314w\" sizes=\"auto, (max-width: 224px) 100vw, 224px\" \/><\/a><\/p>\n<p>&nbsp;<\/p>\n<p>Philippe Margotin, 100 Jahre Jazz. Von der Klassik bis zur Moderne, Delius Klasing 2017, ISBN 978-3-667-10607-0<\/p>\n<p>&nbsp;<\/p>\n<p>Fachleute haben den genauen Anfang dessen, was sp\u00e4ter Jazz genannt werden sollte, auf den 26. Februar 1917 datiert,\u00a0 als die Original Dixieland Jass Band des Kornettisten Dominic James La Rocca die Titel \u201eLivery Stable Blues\u201c und \u201eDixieland Jass Band One-Step\u201c f\u00fcr ein Plattenlabel aufnahm.<\/p>\n<p>&nbsp;<\/p>\n<p>Nun nimmt der Delius Klasing Verlag in Bielefeld das 100 j\u00e4hrige Jubil\u00e4um dieses Events zum Anlass, ein dickes schon in Frankreich erschienenes Buch von Philipp Margotin zu ver\u00f6ffentlichen, in dem in Wort und Bild ein ganzes Jahrhundert Musikgeschichte Revue passiert.<\/p>\n<p>&nbsp;<\/p>\n<p>In zwei Hauptepochen eingeteilt, kann der Jazzfan sein Wissen an Hand von 60 Portr\u00e4ts perfektionieren und der Musikfreund, der diesen Stil schon immer gerne h\u00f6rte, aber wenig dar\u00fcber wei\u00df und die verschiedenen Richtungen kaum auseinanderhalten kann, erf\u00e4hrt eine wunderbare Einf\u00fchrung, die ihn die Musik nach der Lekt\u00fcre noch mehr genie\u00dfen lassen wird.<\/p>\n<p>&nbsp;<\/p>\n<p>Ein wunderbarer Band, der die Herzen von Musik- und Jazzfreunden h\u00f6her schlagen lassen wird.<\/p>\n<p>&nbsp;<\/p>\n","protected":false},"excerpt":{"rendered":"<p>&nbsp; &nbsp; &nbsp; &nbsp; &nbsp; Philippe Margotin, 100 Jahre Jazz. Von der Klassik bis zur Moderne, Delius Klasing 2017, ISBN 978-3-667-10607-0 &nbsp; Fachleute haben den genauen Anfang dessen, was sp\u00e4ter Jazz genannt werden sollte, auf den 26. Februar 1917 datiert,\u00a0 als die Original Dixieland Jass Band des Kornettisten Dominic James La Rocca die Titel \u201eLivery &hellip; <a href=\"https:\/\/blog.liesdoch.de\/?p=3925\" class=\"more-link\"><span class=\"screen-reader-text\">100 Jahre Jazz<\/span> weiterlesen <span class=\"meta-nav\">&rarr;<\/span><\/a><\/p>\n","protected":false},"author":6,"featured_media":0,"comment_status":"closed","ping_status":"open","sticky":false,"template":"","format":"standard","meta":{"footnotes":""},"categories":[1],"tags":[],"class_list":["post-3925","post","type-post","status-publish","format-standard","hentry","category-allgemein"],"_links":{"self":[{"href":"https:\/\/blog.liesdoch.de\/index.php?rest_route=\/wp\/v2\/posts\/3925","targetHints":{"allow":["GET"]}}],"collection":[{"href":"https:\/\/blog.liesdoch.de\/index.php?rest_route=\/wp\/v2\/posts"}],"about":[{"href":"https:\/\/blog.liesdoch.de\/index.php?rest_route=\/wp\/v2\/types\/post"}],"author":[{"embeddable":true,"href":"https:\/\/blog.liesdoch.de\/index.php?rest_route=\/wp\/v2\/users\/6"}],"replies":[{"embeddable":true,"href":"https:\/\/blog.liesdoch.de\/index.php?rest_route=%2Fwp%2Fv2%2Fcomments&post=3925"}],"version-history":[{"count":1,"href":"https:\/\/blog.liesdoch.de\/index.php?rest_route=\/wp\/v2\/posts\/3925\/revisions"}],"predecessor-version":[{"id":3927,"href":"https:\/\/blog.liesdoch.de\/index.php?rest_route=\/wp\/v2\/posts\/3925\/revisions\/3927"}],"wp:attachment":[{"href":"https:\/\/blog.liesdoch.de\/index.php?rest_route=%2Fwp%2Fv2%2Fmedia&parent=3925"}],"wp:term":[{"taxonomy":"category","embeddable":true,"href":"https:\/\/blog.liesdoch.de\/index.php?rest_route=%2Fwp%2Fv2%2Fcategories&post=3925"},{"taxonomy":"post_tag","embeddable":true,"href":"https:\/\/blog.liesdoch.de\/index.php?rest_route=%2Fwp%2Fv2%2Ftags&post=3925"}],"curies":[{"name":"wp","href":"https:\/\/api.w.org\/{rel}","templated":true}]}}