{"id":394,"date":"2015-08-24T13:58:21","date_gmt":"2015-08-24T11:58:21","guid":{"rendered":"http:\/\/blog.liesdoch.de\/?p=394"},"modified":"2015-08-24T13:58:21","modified_gmt":"2015-08-24T11:58:21","slug":"die-biene-die-sprechen-konnte","status":"publish","type":"post","link":"https:\/\/blog.liesdoch.de\/?p=394","title":{"rendered":"Die Biene die sprechen konnte"},"content":{"rendered":"<p><a href=\"http:\/\/blog.liesdoch.de\/wp-content\/uploads\/2015\/08\/41881782z.jpg\"><img loading=\"lazy\" decoding=\"async\" class=\"alignnone size-medium wp-image-395\" src=\"http:\/\/blog.liesdoch.de\/wp-content\/uploads\/2015\/08\/41881782z-228x300.jpg\" alt=\"41881782z\" width=\"228\" height=\"300\" srcset=\"https:\/\/blog.liesdoch.de\/wp-content\/uploads\/2015\/08\/41881782z-228x300.jpg 228w, https:\/\/blog.liesdoch.de\/wp-content\/uploads\/2015\/08\/41881782z.jpg 362w\" sizes=\"auto, (max-width: 228px) 100vw, 228px\" \/><\/a><\/p>\n<p>&nbsp;<\/p>\n<p>&nbsp;<\/p>\n<p>&nbsp;<\/p>\n<p>&nbsp;<\/p>\n<p>Al MacCuish, Die Biene, die sprechen konnte, Orell F\u00fcssli 2014, ISBN 978-3-280-03478-1<\/p>\n<p>&nbsp;<\/p>\n<p>Voller Charme kommt die von einer wahren Geschichte des franz\u00f6sischen Biologen Bernhard Chevilliat inspirierten Geschichte daher. Elegant und leicht erz\u00e4hlt, ist sie sowohl unterhaltsam f\u00fcr die Kinder und vermittelt dazu noch Wissen \u00fcber die Natur.<\/p>\n<p>&nbsp;<\/p>\n<p>Belle, ein franz\u00f6sisches M\u00e4dchen, lebt in Paris. Sie kennt die Stadt ganz genau. Jeden Sommer f\u00e4hrt sie mit ihren Eltern zu den Gro\u00dfeltern aufs Land. Dort bekommt sie ein Geschenk vom Opa, das sie den Sommer lang begleitet und eine wichtige Rolle spielt. Dieses Mal ist es das alte Fahrrad ihrer Mutter, mit dem sie sofort einen Ausflug unternimmt. Typisch f\u00fcr ein Stadtm\u00e4dchen verf\u00e4hrt sich Belle sofort und st\u00fcrzt zu allem Ungl\u00fcck auch noch. Hoffnungslos ist sie, als eine Biene zu ihr kommt. Es ist eine besondere Biene, denn sie kann sprechen. Sie hilft Belle und zeigt ihr das Land, den Wald, die Blumen, die Bienen, die Natur. Ein zauberhafter Sommer erlebt Belle.<\/p>\n<p>&#8222;La nature est bien faite&#8220;, sagt die Biene mitten in der Geschichte zu Belle (&#8222;Die Natur ist perfekt gemacht.&#8220;). Es ist ein Schl\u00fcsselsatz f\u00fcr diese wunderbare Erz\u00e4hlung. Leicht und mit franz\u00f6sischem Charme macht Al MacCuish den Kindern beim Lesen Lust auf die Natur. &#8222;Geht raus, h\u00f6rt genau den Tieren und Pflanzen zu. Beobachtet sie. Erlebt Abenteuer&#8220; ruft er nicht nur seiner Figur Belle zu, sondern allen Kindern.<\/p>\n<p>Gleichzeitig zeigt er den Lesern, wie wichtig die Bienen f\u00fcr die Natur sind. Ohne sie g\u00e4be es nur sehr wenig. Das Reizvolle am Kinderbuch ist die leichte Erz\u00e4hlung, die Vermeidung jeglicher mahnender, st\u00f6render p\u00e4dagogischer Hinweise.<\/p>\n<p>Rebecca Gibbon illustrierte das Bilderbuch in genau der richtigen Art und Weise. Die an die 50iger Jahre erinnernden Bilder zaubern einen franz\u00f6sischen Sommer auf dem Lande herbei. Frisches Gr\u00fcn und fr\u00f6hliches Gelb erfreuen Herz und Auge. Immer wieder findet man einfache und dennoch gut zu erkennende Tiere und Pflanzen, die man gut bestimmen kann.<\/p>\n<p>Wer ein Sommerbilderbuch sucht, das leicht-charmant Lust auf Natur macht, dem empfehle ich von ganzem Herzen das wunderbare Kinderbuch &#8222;Die Biene, die sprechen konnte&#8220; von Al MacCuish.<\/p>\n<p>&nbsp;<\/p>\n","protected":false},"excerpt":{"rendered":"<p>&nbsp; &nbsp; &nbsp; &nbsp; Al MacCuish, Die Biene, die sprechen konnte, Orell F\u00fcssli 2014, ISBN 978-3-280-03478-1 &nbsp; Voller Charme kommt die von einer wahren Geschichte des franz\u00f6sischen Biologen Bernhard Chevilliat inspirierten Geschichte daher. Elegant und leicht erz\u00e4hlt, ist sie sowohl unterhaltsam f\u00fcr die Kinder und vermittelt dazu noch Wissen \u00fcber die Natur. &nbsp; Belle, ein &hellip; <a href=\"https:\/\/blog.liesdoch.de\/?p=394\" class=\"more-link\"><span class=\"screen-reader-text\">Die Biene die sprechen konnte<\/span> weiterlesen <span class=\"meta-nav\">&rarr;<\/span><\/a><\/p>\n","protected":false},"author":6,"featured_media":0,"comment_status":"open","ping_status":"open","sticky":false,"template":"","format":"standard","meta":{"footnotes":""},"categories":[1],"tags":[33,28],"class_list":["post-394","post","type-post","status-publish","format-standard","hentry","category-allgemein","tag-bilderbuch","tag-natur"],"_links":{"self":[{"href":"https:\/\/blog.liesdoch.de\/index.php?rest_route=\/wp\/v2\/posts\/394","targetHints":{"allow":["GET"]}}],"collection":[{"href":"https:\/\/blog.liesdoch.de\/index.php?rest_route=\/wp\/v2\/posts"}],"about":[{"href":"https:\/\/blog.liesdoch.de\/index.php?rest_route=\/wp\/v2\/types\/post"}],"author":[{"embeddable":true,"href":"https:\/\/blog.liesdoch.de\/index.php?rest_route=\/wp\/v2\/users\/6"}],"replies":[{"embeddable":true,"href":"https:\/\/blog.liesdoch.de\/index.php?rest_route=%2Fwp%2Fv2%2Fcomments&post=394"}],"version-history":[{"count":1,"href":"https:\/\/blog.liesdoch.de\/index.php?rest_route=\/wp\/v2\/posts\/394\/revisions"}],"predecessor-version":[{"id":396,"href":"https:\/\/blog.liesdoch.de\/index.php?rest_route=\/wp\/v2\/posts\/394\/revisions\/396"}],"wp:attachment":[{"href":"https:\/\/blog.liesdoch.de\/index.php?rest_route=%2Fwp%2Fv2%2Fmedia&parent=394"}],"wp:term":[{"taxonomy":"category","embeddable":true,"href":"https:\/\/blog.liesdoch.de\/index.php?rest_route=%2Fwp%2Fv2%2Fcategories&post=394"},{"taxonomy":"post_tag","embeddable":true,"href":"https:\/\/blog.liesdoch.de\/index.php?rest_route=%2Fwp%2Fv2%2Ftags&post=394"}],"curies":[{"name":"wp","href":"https:\/\/api.w.org\/{rel}","templated":true}]}}