{"id":3952,"date":"2017-03-22T11:58:28","date_gmt":"2017-03-22T09:58:28","guid":{"rendered":"http:\/\/blog.liesdoch.de\/?p=3952"},"modified":"2017-03-22T11:58:28","modified_gmt":"2017-03-22T09:58:28","slug":"die-neue-voelkerwanderung-nach-europa","status":"publish","type":"post","link":"https:\/\/blog.liesdoch.de\/?p=3952","title":{"rendered":"Die neue V\u00f6lkerwanderung nach Europa"},"content":{"rendered":"<p>&nbsp;<\/p>\n<p>&nbsp;<\/p>\n<p>&nbsp;<\/p>\n<p><a href=\"http:\/\/blog.liesdoch.de\/wp-content\/uploads\/2017\/03\/47029549z.jpg\"><img loading=\"lazy\" decoding=\"async\" class=\"alignnone size-medium wp-image-3953\" src=\"http:\/\/blog.liesdoch.de\/wp-content\/uploads\/2017\/03\/47029549z-188x300.jpg\" alt=\"\" width=\"188\" height=\"300\" srcset=\"https:\/\/blog.liesdoch.de\/wp-content\/uploads\/2017\/03\/47029549z-188x300.jpg 188w, https:\/\/blog.liesdoch.de\/wp-content\/uploads\/2017\/03\/47029549z.jpg 263w\" sizes=\"auto, (max-width: 188px) 100vw, 188px\" \/><\/a><\/p>\n<p>&nbsp;<\/p>\n<p>Hans-Peter Schwarz, Die neue V\u00f6lkerwanderung nach Europa, DVA 2017, ISBN 978-3-421-04774-8<\/p>\n<p>&nbsp;<\/p>\n<p>Es ist kein wirklich ermutigendes Szenario, das der \u00fcber alle Parteigrenzen hinweg angesehene 1934 geborene Zeithistoriker Hans-Peter Schwarz da entwirft. Die Zuspitzung der Fl\u00fcchtlingskrise im Herbst 2015 hat Prognosen vieler Wissenschaftler best\u00e4tigt, die diese schon vor langer Zeit abgaben. Armut und fehlende Lebensperspektiven einer exponentiell wachsenden Bev\u00f6lkerung in den Staaten Afrikas und des Nahen Ostens, Kriege und Hungersn\u00f6te und die Attraktivit\u00e4t europ\u00e4ischer Sozialstaatssysteme f\u00fchren zu einem immer gr\u00f6\u00dferen Migrationsdruck auf Europa.<\/p>\n<p>Da helfen auch Schlie\u00dfungen kompletter Fluchtrouten auf Dauer nicht. Gerade im Augenblick erleben wir wieder, dass jeden Tag viele Tausend Menschen \u00fcber das Mittelmeer geschleust werden. Das f\u00fchrt in vielen europ\u00e4ischen Staaten zu einer verst\u00e4rkten innenpolitischen Auseinandersetzung, bei der die rechten populistischen Parteien und Kandidaten Oberwasser haben. Bekommen sie, wie z.B. Marine Le Pen in Frankreich, bei den bevorstehenden Wahlen die Mehrheit, dann ist Europa mit seiner Weisheit auch bei der Bew\u00e4ltigung der Fl\u00fcchtlingsproblematik am Ende. Niemand wei\u00df wirklich, was dann passiert.<\/p>\n<p>\u201e\u00dcber den Verlust politischer Kontrolle und moralischer Gewissheiten\u201c schreibt Hans-Peter Schwarz und entwirft f\u00fcnf Leitlinien f\u00fcr einen neuen Kurs der Fl\u00fcchtlingspolitik. Sie alle aber brauchen als Bedingung eine funktionierende und sich erneuernde und vor allen Dingen einige EU, was aber bei n\u00fcchterner Betrachtung extrem unwahrscheinlich ist.\u00a0 Warum sollten Staaten wie Polen, Ungarn, Tschechien etc. auf einmal in der Fl\u00fcchtlingsfrage kooperieren?<\/p>\n<p>&nbsp;<\/p>\n<p>Es ist eine verdunkelte Zeit, in der auch aufgekl\u00e4rte Philosophen wie Julian Nida-R\u00fcmelin vollkommen neu \u201e\u00fcber Grenzen denken\u201c. In einem\u00a0 gerade erschienenen Buch denkt der renommierte Philosoph nach \u00fcber eine \u201eEthik der Migration\u201c. Er glaubt nicht an das Konzept offener Grenzen als richtige Antwort auf das Elend der Welt, wie sie bei uns immer noch von den Gr\u00fcnen und Teilen der Linken propagiert werden. Er ist \u00fcberzeugt, dass offene Grenzen das Elend nicht wesentlich mildern, sondern die Herkunftsregionen weiter schw\u00e4chen und die sozialen Konflikte in den aufnehmenden L\u00e4ndern versch\u00e4rfen w\u00fcrden. Sie sind keine L\u00f6sung f\u00fcr die besch\u00e4menden humanit\u00e4ren Skandale unserer Zeit.<\/p>\n<p>&nbsp;<\/p>\n<p>\u201eEine Jahrhundertaufgabe f\u00fcr die EU: Schutz der Au\u00dfengrenzen und Ursachenbek\u00e4mpfung\u201c nennt Hans-Peter Schwarz als die wichtigste\u00a0 Leitlinie einer zuk\u00fcnftigen Fl\u00fcchtlingspolitik. Viele Reisen deutscher Politiker nach Afrika und Kooperationen mit Herkunftsl\u00e4ndern von Migranten\u00a0 zeigen, dass die Politik sehr wohl begriffen hat, dass in die diese Richtung umgeschwenkt werden muss. Die Frage ist nur, ob es f\u00fcr Vieles nicht schon zu sp\u00e4t ist und ob die Bev\u00f6lkerung wirklich darauf vorbereitet ist, welche Aufgaben da noch auf die reichen europ\u00e4ischen L\u00e4nder zukommen werden.<\/p>\n","protected":false},"excerpt":{"rendered":"<p>&nbsp; &nbsp; &nbsp; &nbsp; Hans-Peter Schwarz, Die neue V\u00f6lkerwanderung nach Europa, DVA 2017, ISBN 978-3-421-04774-8 &nbsp; Es ist kein wirklich ermutigendes Szenario, das der \u00fcber alle Parteigrenzen hinweg angesehene 1934 geborene Zeithistoriker Hans-Peter Schwarz da entwirft. Die Zuspitzung der Fl\u00fcchtlingskrise im Herbst 2015 hat Prognosen vieler Wissenschaftler best\u00e4tigt, die diese schon vor langer Zeit abgaben. &hellip; <a href=\"https:\/\/blog.liesdoch.de\/?p=3952\" class=\"more-link\"><span class=\"screen-reader-text\">Die neue V\u00f6lkerwanderung nach Europa<\/span> weiterlesen <span class=\"meta-nav\">&rarr;<\/span><\/a><\/p>\n","protected":false},"author":6,"featured_media":0,"comment_status":"closed","ping_status":"open","sticky":false,"template":"","format":"standard","meta":{"footnotes":""},"categories":[1],"tags":[],"class_list":["post-3952","post","type-post","status-publish","format-standard","hentry","category-allgemein"],"_links":{"self":[{"href":"https:\/\/blog.liesdoch.de\/index.php?rest_route=\/wp\/v2\/posts\/3952","targetHints":{"allow":["GET"]}}],"collection":[{"href":"https:\/\/blog.liesdoch.de\/index.php?rest_route=\/wp\/v2\/posts"}],"about":[{"href":"https:\/\/blog.liesdoch.de\/index.php?rest_route=\/wp\/v2\/types\/post"}],"author":[{"embeddable":true,"href":"https:\/\/blog.liesdoch.de\/index.php?rest_route=\/wp\/v2\/users\/6"}],"replies":[{"embeddable":true,"href":"https:\/\/blog.liesdoch.de\/index.php?rest_route=%2Fwp%2Fv2%2Fcomments&post=3952"}],"version-history":[{"count":1,"href":"https:\/\/blog.liesdoch.de\/index.php?rest_route=\/wp\/v2\/posts\/3952\/revisions"}],"predecessor-version":[{"id":3954,"href":"https:\/\/blog.liesdoch.de\/index.php?rest_route=\/wp\/v2\/posts\/3952\/revisions\/3954"}],"wp:attachment":[{"href":"https:\/\/blog.liesdoch.de\/index.php?rest_route=%2Fwp%2Fv2%2Fmedia&parent=3952"}],"wp:term":[{"taxonomy":"category","embeddable":true,"href":"https:\/\/blog.liesdoch.de\/index.php?rest_route=%2Fwp%2Fv2%2Fcategories&post=3952"},{"taxonomy":"post_tag","embeddable":true,"href":"https:\/\/blog.liesdoch.de\/index.php?rest_route=%2Fwp%2Fv2%2Ftags&post=3952"}],"curies":[{"name":"wp","href":"https:\/\/api.w.org\/{rel}","templated":true}]}}